{"id":7686,"date":"2026-04-30T18:32:38","date_gmt":"2026-04-30T15:32:38","guid":{"rendered":"https:\/\/dbsnewsmedia.com\/?p=7686"},"modified":"2026-04-30T18:32:38","modified_gmt":"2026-04-30T15:32:38","slug":"z-kusagi-kendini-medyum-gibi-hissediyor-yilda-18-kez-yasaniyor","status":"publish","type":"post","link":"https:\/\/dbsnewsmedia.com\/?p=7686","title":{"rendered":"Z Ku\u015fa\u011f\u0131 Kendini \u2018Medyum\u2019 Gibi Hissediyor: Y\u0131lda 18 Kez Ya\u015fan\u0131yor!"},"content":{"rendered":"\n<h4 class=\"wp-block-heading\">Yap\u0131lan yeni bir ankete g\u00f6re, her \u00fc\u00e7 gen\u00e7ten biri sezgilerine g\u00fcveniyor; fl\u00f6rt ve ili\u015fkilerde \u201calt\u0131nc\u0131 his\u201d ba\u015frol oynuyor.<\/h4>\n\n\n\n<p>Toplumsal e\u011filimleri ortaya koyan yeni bir anket, farkl\u0131 ku\u015faklar\u0131n&nbsp;<strong>sezgi<\/strong>&nbsp;ve \u201c<strong>alt\u0131nc\u0131 his<\/strong>\u201d alg\u0131s\u0131na dair \u00e7arp\u0131c\u0131 sonu\u00e7lar sundu. Talker Research taraf\u0131ndan ger\u00e7ekle\u015ftirilen ara\u015ft\u0131rmaya g\u00f6re, \u00f6zellikle&nbsp;<strong>Z ku\u015fa\u011f\u0131<\/strong>&nbsp;bu konuda di\u011fer ya\u015f gruplar\u0131ndan ayr\u0131\u015f\u0131yor.<\/p>\n\n\n\n<h6 class=\"wp-block-heading\">Z KU\u015eA\u011eI KEND\u0130NE DAHA \u00c7OK G\u00dcVEN\u0130YOR<\/h6>\n\n\n\n<p>ABD\u2019de farkl\u0131 ya\u015f gruplar\u0131ndan 2000 ki\u015fiyle yap\u0131lan ankete g\u00f6re, Z ku\u015fa\u011f\u0131n\u0131n y\u00fczde 30\u2019u kendisinin medyum oldu\u011funa inan\u0131yor. Bu oran, di\u011fer ku\u015faklara k\u0131yasla en y\u00fcksek seviye olarak dikkat \u00e7ekiyor.<\/p>\n\n\n\n<p>Genel tabloya bak\u0131ld\u0131\u011f\u0131nda ise her 5 ki\u015fiden 1\u2019i kendini medyum olarak tan\u0131ml\u0131yor.<\/p>\n\n\n\n<h6 class=\"wp-block-heading\">YILDA 18 KEZ \u2018PS\u0130\u015e\u0130K AN\u2019 YA\u015eIYORLAR<\/h6>\n\n\n\n<p>Ara\u015ft\u0131rmaya kat\u0131lanlar, y\u0131lda ortalama 18 kez psi\u015fik ya da sezgisel bir an ya\u015fad\u0131\u011f\u0131n\u0131 ifade etti. Bu da ayda yakla\u015f\u0131k 1-2 kez \u201c<strong>bir \u015fey olacakm\u0131\u015f hissi<\/strong>\u201d ya\u015fand\u0131\u011f\u0131n\u0131 g\u00f6steriyor.<\/p>\n\n\n\n<p><strong>En yayg\u0131n sezgi \u00f6rne\u011fi ise:<\/strong><\/p>\n\n\n\n<p>Bir durum hakk\u0131nda \u00f6nceden k\u00f6t\u00fc bir hisse kap\u0131lmak<\/p>\n\n\n\n<p>Bir olay\u0131n ger\u00e7ekle\u015fece\u011fini i\u00e7g\u00fcd\u00fcsel olarak hissetmek<\/p>\n\n\n\n<h6 class=\"wp-block-heading\">Ku\u015faklara g\u00f6re sezgi farkl\u0131la\u015f\u0131yor<\/h6>\n\n\n\n<p>Anket sonu\u00e7lar\u0131na g\u00f6re sezgi t\u00fcrleri ku\u015faklara g\u00f6re de\u011fi\u015fiklik g\u00f6steriyor:<\/p>\n\n\n\n<p><strong>Z ve Y ku\u015fa\u011f\u0131:&nbsp;<\/strong>Fl\u00f6rt ve ili\u015fkilerde sezgileri \u00f6ne \u00e7\u0131k\u0131yor<\/p>\n\n\n\n<p><strong>Z ku\u015fa\u011f\u0131 ve Baby Boomer:<\/strong>&nbsp;Finansal konularda e\u015fit sezgi oran\u0131 (y\u00fczde 14)<\/p>\n\n\n\n<p><strong>X ku\u015fa\u011f\u0131:<\/strong>&nbsp;Sonu\u00e7 tahmin etme konusunda en ba\u015far\u0131l\u0131 grup<\/p>\n\n\n\n<p><strong>Y ku\u015fa\u011f\u0131:<\/strong>&nbsp;R\u00fcyalar yoluyla \u00f6ng\u00f6r\u00fcde bulunma e\u011filimi daha y\u00fcksek<\/p>\n\n\n\n<p>\u00d6te yandan Z ku\u015fa\u011f\u0131n\u0131n sezgilerine dayanarak en \u00e7ok \u201c\u015fansl\u0131 anlar\u201d ya\u015fayan grup oldu\u011fu belirtildi.<\/p>\n\n\n\n<p>30.04.2026 18:32<\/p>\n\n\n\n<p>Karde\u015f Haber:<a href=\"https:\/\/gundengunenews.com\/2026\/04\/30\/z-kusagi-kendini-medyum-gibi-hissediyor-yilda-18-kez-yasaniyor\/\">https:\/\/gundengunenews.com\/2026\/04\/30\/z-kusagi-kendini-medyum-gibi-hissediyor-yilda-18-kez-yasaniyor\/<\/a><\/p>\n","protected":false},"excerpt":{"rendered":"<p>Yap\u0131lan yeni bir ankete g\u00f6re, her \u00fc\u00e7 gen\u00e7ten biri sezgilerine g\u00fcveniyor; fl\u00f6rt ve ili\u015fkilerde \u201calt\u0131nc\u0131 his\u201d ba\u015frol oynuyor. Toplumsal e\u011filimleri ortaya koyan yeni bir anket, farkl\u0131 ku\u015faklar\u0131n&nbsp;sezgi&nbsp;ve \u201calt\u0131nc\u0131 his\u201d alg\u0131s\u0131na dair \u00e7arp\u0131c\u0131 sonu\u00e7lar sundu. Talker Research taraf\u0131ndan ger\u00e7ekle\u015ftirilen ara\u015ft\u0131rmaya g\u00f6re, \u00f6zellikle&nbsp;Z ku\u015fa\u011f\u0131&nbsp;bu konuda di\u011fer ya\u015f gruplar\u0131ndan ayr\u0131\u015f\u0131yor. Z KU\u015eA\u011eI KEND\u0130NE DAHA \u00c7OK G\u00dcVEN\u0130YOR ABD\u2019de farkl\u0131&#8230;<\/p>\n","protected":false},"author":4,"featured_media":7688,"comment_status":"open","ping_status":"open","sticky":false,"template":"","format":"standard","meta":{"_jetpack_memberships_contains_paid_content":false,"footnotes":""},"categories":[2],"tags":[2363,759],"class_list":["post-7686","post","type-post","status-publish","format-standard","has-post-thumbnail","hentry","category-yasam","tag-altincin-his","tag-z-kusagi"],"jetpack_featured_media_url":"https:\/\/dbsnewsmedia.com\/wp-content\/uploads\/2026\/04\/84129047-453b-4fc9-b7a1-bb99df725736-1-1-1.webp","jetpack_sharing_enabled":true,"_links":{"self":[{"href":"https:\/\/dbsnewsmedia.com\/index.php?rest_route=\/wp\/v2\/posts\/7686","targetHints":{"allow":["GET"]}}],"collection":[{"href":"https:\/\/dbsnewsmedia.com\/index.php?rest_route=\/wp\/v2\/posts"}],"about":[{"href":"https:\/\/dbsnewsmedia.com\/index.php?rest_route=\/wp\/v2\/types\/post"}],"author":[{"embeddable":true,"href":"https:\/\/dbsnewsmedia.com\/index.php?rest_route=\/wp\/v2\/users\/4"}],"replies":[{"embeddable":true,"href":"https:\/\/dbsnewsmedia.com\/index.php?rest_route=%2Fwp%2Fv2%2Fcomments&post=7686"}],"version-history":[{"count":1,"href":"https:\/\/dbsnewsmedia.com\/index.php?rest_route=\/wp\/v2\/posts\/7686\/revisions"}],"predecessor-version":[{"id":7689,"href":"https:\/\/dbsnewsmedia.com\/index.php?rest_route=\/wp\/v2\/posts\/7686\/revisions\/7689"}],"wp:featuredmedia":[{"embeddable":true,"href":"https:\/\/dbsnewsmedia.com\/index.php?rest_route=\/wp\/v2\/media\/7688"}],"wp:attachment":[{"href":"https:\/\/dbsnewsmedia.com\/index.php?rest_route=%2Fwp%2Fv2%2Fmedia&parent=7686"}],"wp:term":[{"taxonomy":"category","embeddable":true,"href":"https:\/\/dbsnewsmedia.com\/index.php?rest_route=%2Fwp%2Fv2%2Fcategories&post=7686"},{"taxonomy":"post_tag","embeddable":true,"href":"https:\/\/dbsnewsmedia.com\/index.php?rest_route=%2Fwp%2Fv2%2Ftags&post=7686"}],"curies":[{"name":"wp","href":"https:\/\/api.w.org\/{rel}","templated":true}]}}