{"id":7706,"date":"2026-04-30T18:55:38","date_gmt":"2026-04-30T15:55:38","guid":{"rendered":"https:\/\/dbsnewsmedia.com\/?p=7706"},"modified":"2026-04-30T18:55:38","modified_gmt":"2026-04-30T15:55:38","slug":"dunya-bitki-ressamlari-gununde-saltta-ozel-program","status":"publish","type":"post","link":"https:\/\/dbsnewsmedia.com\/?p=7706","title":{"rendered":"D\u00fcnya Bitki Ressamlar\u0131 G\u00fcn\u00fc\u2019nde Salt\u2019ta \u00d6zel Program"},"content":{"rendered":"\n<p>30.04.2026    18:59<\/p>\n\n\n\n<p>D\u00fcnya Bitki Ressamlar\u0131 G\u00fcn\u00fc kapsam\u0131nda Salt Galata ve Salt Beyo\u011flu\u2019nda, bitki ressaml\u0131\u011f\u0131n\u0131 bilimsel ve sanatsal y\u00f6nleriyle ele alan at\u00f6lye ve panel program\u0131 d\u00fczenlenecek.<\/p>\n\n\n\n<p>Salt, Flora Ara\u015ft\u0131rmalar\u0131 Derne\u011fi b\u00fcnyesindeki Bitki Ressamlar\u0131 Komitesi (B\u0130RET) i\u015f birli\u011fiyle D\u00fcnya Bitki Ressamlar\u0131 G\u00fcn\u00fc kapsam\u0131nda bitki ressaml\u0131\u011f\u0131na odaklanan bir etkinlik dizisi d\u00fczenliyor.<\/p>\n\n\n\n<p>7\u201317 May\u0131s 2026 tarihleri aras\u0131nda Salt Galata ve Salt Beyo\u011flu\u2019nda ger\u00e7ekle\u015ftirilecek program, bitkilerin ya\u015fam d\u00f6ng\u00fclerini ve ekolojik ba\u011flamlar\u0131n\u0131 kay\u0131t alt\u0131na alan bir bilgi \u00fcretim prati\u011fi olarak bitki ressaml\u0131\u011f\u0131n\u0131 farkl\u0131 y\u00f6nleriyle ele almay\u0131 ama\u00e7l\u0131yor.<\/p>\n\n\n\n<p>2025 y\u0131l\u0131nda Salt Beyo\u011flu\u2019nda d\u00fczenlenen \u201cAnadolu\u2019nun Bitki Miras\u0131\u201d sergisiyle ba\u015flayan i\u015f birli\u011finin devam\u0131 niteli\u011findeki bu program, bitki ressaml\u0131\u011f\u0131 alan\u0131ndaki ara\u015ft\u0131rma ve \u00fcretim s\u00fcre\u00e7lerini g\u00f6r\u00fcn\u00fcr k\u0131lmay\u0131 hedefliyor.<\/p>\n\n\n\n<h2 class=\"wp-block-heading\"><strong>\u0130ki ayr\u0131 at\u00f6lyede ger\u00e7ekle\u015ftirilecek <\/strong><\/h2>\n\n\n\n<p>Salt Galata\u2019daki Oditoryum\u2019da iki ayr\u0131 at\u00f6lye ger\u00e7ekle\u015ftirilecek.<\/p>\n\n\n\n<p>7 May\u0131s Per\u015fembe g\u00fcn\u00fc 16.00\u201318.00 saatlerinde bitki ressam\u0131 ve e\u011fitmen I\u015f\u0131k G\u00fcner y\u00fcr\u00fct\u00fcc\u00fcl\u00fc\u011f\u00fcnde yap\u0131lacak at\u00f6lyede, kat\u0131l\u0131mc\u0131lar arazide bitkiyi bilimsel do\u011frulukla g\u00f6zlemleme, \u00e7izim ve suluboya tekniklerini uygulamal\u0131 olarak deneyimleyecek.<\/p>\n\n\n\n<p>10 May\u0131s Pazar g\u00fcn\u00fc 13.30\u201315.00 saatlerinde ise bitki ressam\u0131 ve akademisyen G\u00fclnur Ek\u015fi Bona\u2019n\u0131n y\u00fcr\u00fct\u00fcc\u00fcl\u00fc\u011f\u00fcndeki at\u00f6lyede, bilimsel yay\u0131nlarda kullan\u0131lan monokrom (m\u00fcrekkepli kalem) \u00e7izim teknikleri ele al\u0131nacak.<\/p>\n\n\n\n<h2 class=\"wp-block-heading\"><strong>Herkese a\u00e7\u0131k ve \u00fccretsiz<\/strong><\/h2>\n\n\n\n<p>17 May\u0131s Pazar g\u00fcn\u00fc 12.00\u201314.00 saatlerinde Salt Beyo\u011flu A\u00e7\u0131k Sinema\u2019da d\u00fczenlenecek panelde, bitki ressaml\u0131\u011f\u0131n\u0131n tarihsel geli\u015fimi, bilimsel bilgi \u00fcretimindeki rol\u00fc ve disiplinler aras\u0131 ili\u015fkileri tart\u0131\u015fmaya a\u00e7\u0131lacak.<\/p>\n\n\n\n<p>Panelin ilk oturumunda biyolog Bur\u00e7in \u00c7\u0131ngay, 17. y\u00fczy\u0131ldan 19. y\u00fczy\u0131la kad\u0131n bitki ressamlar\u0131n\u0131n botanik bilgi \u00fcretimine katk\u0131lar\u0131n\u0131 ele alacak.<\/p>\n\n\n\n<p>Biyolog ve bitki ressam\u0131 Ersin Karabacak ise Anadolu\u2019nun bitki avc\u0131lar\u0131 ve seyyahlar i\u00e7in bir ke\u015fif alan\u0131na d\u00f6n\u00fc\u015fmesini tarihsel bir perspektifle de\u011ferlendirecek.<\/p>\n\n\n\n<p>Bitki sistemati\u011fi ve etnobotanik alan\u0131nda \u00e7al\u0131\u015fan biyolog Sel\u00e7uk Tu\u011frul K\u00f6r\u00fckl\u00fc ise Peter Hadland Davis\u2019in T\u00fcrkiye floras\u0131na y\u00f6nelik \u00e7al\u0131\u015fmalar\u0131n\u0131 ve botanik bilginin olu\u015fum s\u00fcrecini aktaracak.<\/p>\n\n\n\n<p>\u0130kinci oturumda G\u00fclnur Ek\u015fi Bona, bilimsel bitki resminde \u00fcretim s\u00fcre\u00e7leri ve botanik\u00e7i\u2013ressam i\u015f birli\u011fini anlatacak. I\u015f\u0131k G\u00fcner ise \u201cBir S\u00fcsen Gezisi\u201d projesi \u00fczerinden sahada g\u00f6zlem ve bilimsel do\u011frulukla \u00e7izim s\u00fcre\u00e7lerini payla\u015facak.<\/p>\n\n\n\n<p>Herkese a\u00e7\u0131k ve \u00fccretsiz olarak d\u00fczenlenecek program hakk\u0131nda detayl\u0131 bilgiye saltonline.org \u00fczerinden ula\u015f\u0131labiliyor.<\/p>\n\n\n\n<p>Kaynak:<a href=\"https:\/\/www.evrensel.net\/haber\/5982005\/bitki-ressamligi-odaginda-ozel-program-saltta-atolye-ve-panel-serisi\">https:\/\/www.evrensel.net\/haber\/5982005\/bitki-ressamligi-odaginda-ozel-program-saltta-atolye-ve-panel-serisi<\/a><\/p>\n","protected":false},"excerpt":{"rendered":"<p>30.04.2026 18:59 D\u00fcnya Bitki Ressamlar\u0131 G\u00fcn\u00fc kapsam\u0131nda Salt Galata ve Salt Beyo\u011flu\u2019nda, bitki ressaml\u0131\u011f\u0131n\u0131 bilimsel ve sanatsal y\u00f6nleriyle ele alan at\u00f6lye ve panel program\u0131 d\u00fczenlenecek. Salt, Flora Ara\u015ft\u0131rmalar\u0131 Derne\u011fi b\u00fcnyesindeki Bitki Ressamlar\u0131 Komitesi (B\u0130RET) i\u015f birli\u011fiyle D\u00fcnya Bitki Ressamlar\u0131 G\u00fcn\u00fc kapsam\u0131nda bitki ressaml\u0131\u011f\u0131na odaklanan bir etkinlik dizisi d\u00fczenliyor. 7\u201317 May\u0131s 2026 tarihleri aras\u0131nda Salt Galata&#8230;<\/p>\n","protected":false},"author":5,"featured_media":7707,"comment_status":"open","ping_status":"open","sticky":false,"template":"","format":"standard","meta":{"_jetpack_memberships_contains_paid_content":false,"footnotes":""},"categories":[10],"tags":[2367,2366],"class_list":["post-7706","post","type-post","status-publish","format-standard","has-post-thumbnail","hentry","category-kultur-sanat","tag-dunya-bitki-ressamlari-gunu","tag-salt"],"jetpack_featured_media_url":"https:\/\/dbsnewsmedia.com\/wp-content\/uploads\/2026\/04\/49-2.webp","jetpack_sharing_enabled":true,"_links":{"self":[{"href":"https:\/\/dbsnewsmedia.com\/index.php?rest_route=\/wp\/v2\/posts\/7706","targetHints":{"allow":["GET"]}}],"collection":[{"href":"https:\/\/dbsnewsmedia.com\/index.php?rest_route=\/wp\/v2\/posts"}],"about":[{"href":"https:\/\/dbsnewsmedia.com\/index.php?rest_route=\/wp\/v2\/types\/post"}],"author":[{"embeddable":true,"href":"https:\/\/dbsnewsmedia.com\/index.php?rest_route=\/wp\/v2\/users\/5"}],"replies":[{"embeddable":true,"href":"https:\/\/dbsnewsmedia.com\/index.php?rest_route=%2Fwp%2Fv2%2Fcomments&post=7706"}],"version-history":[{"count":1,"href":"https:\/\/dbsnewsmedia.com\/index.php?rest_route=\/wp\/v2\/posts\/7706\/revisions"}],"predecessor-version":[{"id":7708,"href":"https:\/\/dbsnewsmedia.com\/index.php?rest_route=\/wp\/v2\/posts\/7706\/revisions\/7708"}],"wp:featuredmedia":[{"embeddable":true,"href":"https:\/\/dbsnewsmedia.com\/index.php?rest_route=\/wp\/v2\/media\/7707"}],"wp:attachment":[{"href":"https:\/\/dbsnewsmedia.com\/index.php?rest_route=%2Fwp%2Fv2%2Fmedia&parent=7706"}],"wp:term":[{"taxonomy":"category","embeddable":true,"href":"https:\/\/dbsnewsmedia.com\/index.php?rest_route=%2Fwp%2Fv2%2Fcategories&post=7706"},{"taxonomy":"post_tag","embeddable":true,"href":"https:\/\/dbsnewsmedia.com\/index.php?rest_route=%2Fwp%2Fv2%2Ftags&post=7706"}],"curies":[{"name":"wp","href":"https:\/\/api.w.org\/{rel}","templated":true}]}}