{"id":7718,"date":"2026-04-30T19:06:32","date_gmt":"2026-04-30T16:06:32","guid":{"rendered":"https:\/\/dbsnewsmedia.com\/?p=7718"},"modified":"2026-04-30T19:06:32","modified_gmt":"2026-04-30T16:06:32","slug":"is-sanatin-minik-sanatseverler-icin-hazirladigi-ucretsiz-atolyeler","status":"publish","type":"post","link":"https:\/\/dbsnewsmedia.com\/?p=7718","title":{"rendered":"\u0130\u015f Sanat\u0131n Minik Sanatseverler \u0130\u00e7in Haz\u0131rlad\u0131\u011f\u0131 \u00dccretsiz At\u00f6lyeler"},"content":{"rendered":"\n<p>30.04.2026    19:07<\/p>\n\n\n\n<p>\u0130\u015fte \u0130\u015f Sanat\u2019\u0131n \u0130stanbul ve Ankara\u2019daki minik sanatseverler i\u00e7in haz\u0131rlad\u0131\u011f\u0131 \u00fccretsiz at\u00f6lyeler\u2026<\/p>\n\n\n\n<p>\u0130\u015f Sanat\u2019\u0131n \u0130stanbul ve Ankara\u2019daki minik sanatseverler i\u00e7in haz\u0131rlad\u0131\u011f\u0131 \u00fccretsiz at\u00f6lyeleri s\u00fcr\u00fcyor. \u00c7ocuklar\u0131 kolaj, linol, eskiz ve suluboya gibi tekniklerle tan\u0131\u015ft\u0131ran at\u00f6lyeler hem sanat\u0131 ve sanat\u00e7\u0131lar\u0131 tan\u0131yacaklar\u0131 hem de g\u00f6zlem yeteneklerini geli\u015ftirecekleri \u00e7ok y\u00f6nl\u00fc bir ifade alan\u0131 sunuyor. Programlarda 19 May\u0131s Atat\u00fcrk\u2019\u00fc Anma, Gen\u00e7lik ve Spor Bayram\u0131, M\u00fczeler Haftas\u0131 ve Anneler G\u00fcn\u00fc\u2019ne \u00f6zel etkinlikler de yer al\u0131yor.<\/p>\n\n\n\n<h3 class=\"wp-block-heading\">M\u00dcZEDE HAZ\u0130NE AVI<\/h3>\n\n\n\n<p>T\u00fcrkiye \u0130\u015f Bankas\u0131 Resim Heykel M\u00fczesi\u2019nin&nbsp;<strong>\u201cPencereme Bahar Gelmi\u015f\u201d<\/strong>&nbsp;ve&nbsp;<strong>\u201c\u00c7i\u00e7eklerin Hik\u00e2yesi, Sanatla Anlat\u201d<\/strong>&nbsp;at\u00f6lyelerinde \u00e7ocuklar, Nazl\u0131 Ecevit\u2019ten \u0130brahim \u00c7all\u0131\u2019ya uzanan usta ressamlar\u0131m\u0131z\u0131n eserlerini inceleyerek do\u011fay\u0131 sanatla yorumlamay\u0131 \u00f6\u011freniyorlar.&nbsp;<strong>\u201cBil Bakal\u0131m Hangisi?\u201d<\/strong>&nbsp;at\u00f6lyesinde, ebeveynleriyle birlikte oyun kartlar\u0131 e\u015fli\u011finde sergiyi gezerek tablolar\u0131n gizli ayr\u0131nt\u0131lar\u0131n\u0131 ke\u015ffetme ve toplad\u0131klar\u0131 \u015fekillerle \u00f6zg\u00fcn eserler \u00fcretme f\u0131rsat\u0131 buluyorlar.19 May\u0131s\u2019a \u00f6zel&nbsp;<strong>\u201cZafere \u0130lk Ad\u0131m\u201d<\/strong>&nbsp;ve&nbsp;<strong>\u201cGe\u00e7mi\u015fe Bir Kart, Gelece\u011fe Bir Mesaj\u201d<\/strong>&nbsp;at\u00f6lyelerinde ise Milli M\u00fccadele ruhunu duygusal ve yarat\u0131c\u0131 bir \u015fekilde ke\u015ffediyorlar.<\/p>\n\n\n\n<h3 class=\"wp-block-heading\">M\u00dcZELER HAFTASI\u2019NA \u00d6ZEL<\/h3>\n\n\n\n<p>T\u00fcrkiye \u0130\u015f Bankas\u0131 M\u00fczesi\u2019nin&nbsp;<strong>\u201c\u00c7orap Kukla\u201d<\/strong>&nbsp;ve&nbsp;<strong>\u201cR\u00fcya Kapan\u0131\u201d<\/strong>&nbsp;at\u00f6lyelerinde \u00e7ocuklar, ebeveynleriyle ortak \u00fcretimlere imza at\u0131yor; i\u00e7 d\u00fcnyalar\u0131n\u0131 yans\u0131tan hayali kahramanlar\u0131n\u0131 yarat\u0131yorlar. M\u00fczeler Haftas\u0131\u2019na \u00f6zel d\u00fczenlenen&nbsp;<strong>\u201cBenim M\u00fczem\u201d<\/strong>&nbsp;at\u00f6lyelerinde ise farkl\u0131 ya\u015f gruplar\u0131 m\u00fcze k\u00fclt\u00fcr\u00fcyle tan\u0131\u015f\u0131yor; k\u00fc\u00e7\u00fckler kendi renkli tablolar\u0131n\u0131 kurgularken, b\u00fcy\u00fckler d\u00f6n\u00fc\u015ft\u00fcr\u00fclm\u00fc\u015f malzemelerle \u00fc\u00e7 boyutlu minyat\u00fcr galeriler in\u015fa ediyor.<\/p>\n\n\n\n<figure class=\"wp-block-image\"><img decoding=\"async\" src=\"https:\/\/im.haberturk.com\/2026\/04\/30\/3881287_ead65cdca1f44a0d089a00999219728d.jpg\" alt=\"\"\/><\/figure>\n\n\n\n<h3 class=\"wp-block-heading\">UMUT DOLU B\u0130R GELECE\u011e\u0130 TASARLAMAK<\/h3>\n\n\n\n<p>Kibele Sanat Galerisi\u2019nin&nbsp;<strong>\u201cKarakterini Tasarla\u201d<\/strong>&nbsp;at\u00f6lyesinde kat\u0131l\u0131mc\u0131lar, eva k\u00f6p\u00fck bask\u0131 tekni\u011fiyle tan\u0131\u015farak kendi kahramanlar\u0131n\u0131 kurguluyor. Galerideki heykelt\u0131ra\u015f Ayla Turan Retrospektif sergisi ve \u201cUmut\u201d isimli heykel,&nbsp;<strong>\u201cG\u00f6ky\u00fcz\u00fc Dura\u011f\u0131\u201d<\/strong>&nbsp;at\u00f6lyesine ilham veriyor. \u00c7ocuklar, boyama ve kolaj gibi teknikleri deneyimleyerek gelecekleri i\u00e7in umut ettikleri d\u00fcnyay\u0131 bir bulut \u00e7er\u00e7evesinin i\u00e7erisinde resmediyorlar.<\/p>\n\n\n\n<figure class=\"wp-block-image\"><img decoding=\"async\" src=\"https:\/\/im.haberturk.com\/2026\/04\/30\/3881287_fbc58cdee353d639c123a4524eda27fd.jpg\" alt=\"\"\/><\/figure>\n\n\n\n<h3 class=\"wp-block-heading\">M\u0130N\u0130K ELLERDEN ANNELERE HED\u0130YELER<\/h3>\n\n\n\n<p>\u0130ktisadi Ba\u011f\u0131ms\u0131zl\u0131k M\u00fczesi\u2019nin<strong>&nbsp;\u201cBir An\u0131 Bir \u00c7er\u00e7eve\u201d<\/strong>&nbsp;ve&nbsp;<strong>\u201cResmini Sen Tamamla\u201d<\/strong>&nbsp;at\u00f6lyelerinde \u00e7ocuklar, m\u00fczenin tarihi alanlar\u0131n\u0131 ve g\u00fcncel sergileri ke\u015ffederek \u201cde\u011ferli olan\u0131 saklama\u201d fikriyle kendi an\u0131 \u00e7er\u00e7evelerini tasarl\u0131yor. Anneler G\u00fcn\u00fc\u2019ne \u00f6zel d\u00fczenlenen&nbsp;<strong>\u201cKalpten \u00c7i\u00e7ekler\u201d<\/strong>&nbsp;at\u00f6lyesinde ise aileleriyle birlikte seramik hamurundan kal\u0131c\u0131 \u00e7i\u00e7ek buketleri olu\u015fturuyorlar.<\/p>\n\n\n\n<h3 class=\"wp-block-heading\">OKUL GRUPLARINA DA \u00c7E\u015e\u0130T \u00c7E\u015e\u0130T AT\u00d6LYELER VAR<\/h3>\n\n\n\n<p>T\u00fcm at\u00f6lyelerin tarih ve saatlerine \u0130\u015f Sanat\u2019\u0131n internet sitesinden ula\u015fabilir, \u00fccretsiz kaydolabilirsiniz. Hafta sonlar\u0131 bireysel kat\u0131l\u0131ml\u0131 olarak d\u00fczenlenen at\u00f6lyelere hafta i\u00e7inde okul gruplar\u0131 olarak kat\u0131lmak da m\u00fcmk\u00fcn. Rezervasyon i\u00e7in&nbsp;<strong>issanat.com.tr<\/strong>\u2019yi ziyaret etmeyi unutmay\u0131n.<\/p>\n\n\n\n<p>\u0130\u015f Sanat at\u00f6lyelerinin tamam\u0131 \u00fccretsizdir. Kibele Sanat Galerisi, T\u00fcrkiye \u0130\u015f Bankas\u0131 M\u00fczesi ve \u0130ktisadi Ba\u011f\u0131ms\u0131zl\u0131k M\u00fczesi ziyaretleri de \u00fccretsizdir. T\u00fcrkiye \u0130\u015f Bankas\u0131 Resim Heykel M\u00fczesi ise M\u00fczeler Haftas\u0131 ve Kurban Bayram\u0131 s\u00fcresince \u00fccretsizdir.<\/p>\n\n\n\n<figure class=\"wp-block-image\"><img decoding=\"async\" src=\"https:\/\/im.haberturk.com\/2026\/04\/30\/3881287_610334b892c6a92368e11437ee8ccfc4.jpg\" alt=\"\"\/><\/figure>\n\n\n\n<h3 class=\"wp-block-heading\">\u0130\u015f Sanat \u2013 \u00dccretsiz \u00c7ocuk At\u00f6lyeleri Takvimi \u2013 May\u0131s\u201926<\/h3>\n\n\n\n<h3 class=\"wp-block-heading\">T\u00fcrkiye \u0130\u015f Bankas\u0131 Resim Heykel M\u00fczesi, Beyo\u011flu\u2013\u0130stanbul<\/h3>\n\n\n\n<ul class=\"wp-block-list\">\n<li><strong>2 May\u0131s Cumartesi 12.00<\/strong>\u00a0Pencereme Bahar Gelmi\u015f (3-5 ya\u015f, ebeveynli)<\/li>\n\n\n\n<li><strong>2 May\u0131s Cumartesi 15.00<\/strong>\u00a0Eren Ey\u00fcbo\u011flu\u2019nun Y\u00fczleri: Yarat\u0131c\u0131 Portre At\u00f6lyesi (6-9 ya\u015f)<\/li>\n\n\n\n<li><strong>3 May\u0131s Pazar 12.00\u00a0<\/strong>Bil Bakal\u0131m Hangisi? (3-5 ya\u015f, ebeveynli)<\/li>\n\n\n\n<li><strong>3 May\u0131s Pazar 15.00<\/strong>\u00a0Par\u00e7alar\u0131 Birle\u015ftir Resmi Tamamla (6-9 ya\u015f)<\/li>\n\n\n\n<li><strong>9 May\u0131s Cumartesi 12.00<\/strong>\u00a0\u015eekillerin Pe\u015finde (3-5 ya\u015f, ebeveynli)<\/li>\n\n\n\n<li><strong>9 May\u0131s Cumartesi 15.00<\/strong>\u00a0Z\u00fcht\u00fc M\u00fcrido\u011flu\u2019ndan \u0130lhamla Yarat\u0131c\u0131 Heykel At\u00f6lyesi (8-12 ya\u015f)<\/li>\n\n\n\n<li><strong>10 May\u0131s Pazar 12.00<\/strong>\u00a0\u00c7i\u00e7eklerin Hik\u00e2yesi, Sanatla Anlat (6-9 ya\u015f, ebeveynli)<\/li>\n\n\n\n<li><strong>10 May\u0131s Pazar 15.00<\/strong>\u00a0Bedri Rahmi Ey\u00fcbo\u011flu\u2019nun Motifleri (8-12 ya\u015f)<\/li>\n\n\n\n<li><strong>16 May\u0131s Cumartesi 12.00<\/strong>\u00a0Ya\u015fant\u0131n\u0131n Getirdikleri (8-12 ya\u015f)<\/li>\n\n\n\n<li><strong>16 May\u0131s Cumartesi 15.00<\/strong>\u00a0M\u00fczeyi \u015eekillendir: Linol Bask\u0131 At\u00f6lyesi (9-13 ya\u015f)<\/li>\n\n\n\n<li><strong>17 May\u0131s Pazar 12.00<\/strong>\u00a0Ge\u00e7mi\u015ften Gelen Misafir: Mihri Han\u0131m (8-12 ya\u015f)<\/li>\n\n\n\n<li><strong>17 May\u0131s Pazar 15.00<\/strong>\u00a0Karakterini Tasarla: Bask\u0131 At\u00f6lyesi (6-9 ya\u015f)<\/li>\n\n\n\n<li><strong>19 May\u0131s Sal\u0131 13.00<\/strong>\u00a0Zafere \u0130lk Ad\u0131m (6-9 ya\u015f)<\/li>\n\n\n\n<li><strong>19 May\u0131s Sal\u0131 15.00<\/strong>\u00a0Ge\u00e7mi\u015fe Bir Kart, Gelece\u011fe Bir Mesaj (8-12 ya\u015f)<\/li>\n\n\n\n<li><strong>23 May\u0131s Cumartesi 12.00<\/strong>\u00a0E\u015fref \u00dcren\u2019in Sofras\u0131ndan Taba\u011f\u0131mdaki Nat\u00fcrmort (5-7 ya\u015f)<\/li>\n\n\n\n<li><strong>23 May\u0131s Cumartesi 15.00<\/strong>\u00a0Z\u00fcht\u00fc M\u00fcrido\u011flu\u2019ndan \u0130lhamla Yarat\u0131c\u0131 Heykel At\u00f6lyesi (6-9 ya\u015f)<\/li>\n\n\n\n<li><strong>24 May\u0131s Pazar 12.00<\/strong>\u00a0Renkli Kap\u0131lar At\u00f6lyesi (5-7 ya\u015f)<\/li>\n\n\n\n<li><strong>24 May\u0131s Pazar 15.00<\/strong>\u00a0Ge\u00e7mi\u015ften Gelen Misafir: Osman Hamdi Bey (7-11 ya\u015f)<\/li>\n\n\n\n<li><strong>28 May\u0131s Per\u015fembe 13.00<\/strong>\u00a0Bil Bakal\u0131m Hangisi? (3-5 ya\u015f, ebeveynli)<\/li>\n\n\n\n<li><strong>28 May\u0131s Per\u015fembe 15.00<\/strong>\u00a0Benim Kumbaram (6-9 ya\u015f)<\/li>\n\n\n\n<li><strong>29 May\u0131s Cuma 13.00<\/strong>\u00a0Z\u00fcht\u00fc M\u00fcrido\u011flu\u2019ndan \u0130lhamla Yarat\u0131c\u0131 Heykel At\u00f6lyesi (8-12 ya\u015f)<\/li>\n\n\n\n<li><strong>29 May\u0131s Cuma 15.00<\/strong>\u00a0Mel\u00e2hat \u00dcren\u2019den \u0130lhamla Eskiz At\u00f6lyesi (7+ ya\u015f)<\/li>\n\n\n\n<li><strong>30 May\u0131s Cumartesi 12.00<\/strong>\u00a0Kartpostallarda Sakl\u0131 Hat\u0131ralar (7-11 ya\u015f)<\/li>\n\n\n\n<li><strong>30 May\u0131s Cumartesi 15.00<\/strong>\u00a0Yan Yana Portreler (6-9 ya\u015f, ebeveynli)<\/li>\n\n\n\n<li><strong>31 May\u0131s Pazar 12.00<\/strong>\u00a0Taba\u011f\u0131mdaki Nat\u00fcrmort (3-5 ya\u015f, ebeveynli)<\/li>\n\n\n\n<li><strong>31 May\u0131s Pazar 15.00<\/strong>\u00a0Suluboya At\u00f6lyesi: Do\u011fan\u0131n Renkleri (8-12 ya\u015f)<\/li>\n<\/ul>\n\n\n\n<h3 class=\"wp-block-heading\">T\u00fcrkiye \u0130\u015f Bankas\u0131 M\u00fczesi, Emin\u00f6n\u00fc\u2013\u0130stanbul<\/h3>\n\n\n\n<ul class=\"wp-block-list\">\n<li><strong>10 May\u0131s Pazar 13.30\u00a0<\/strong>\u00c7orap Kukla (5-9 ya\u015f, ebeveynli)<\/li>\n\n\n\n<li><strong>10 May\u0131s Pazar 15.00\u00a0<\/strong>R\u00fcya Kapan\u0131 (5-9 ya\u015f, ebeveynli)<\/li>\n\n\n\n<li><strong>23 May\u0131s Cumartesi 13.30\u00a0<\/strong>Benim M\u00fczem (5-7 ya\u015f)<\/li>\n\n\n\n<li><strong>23 May\u0131s Cumartesi 15.00\u00a0<\/strong>Benim M\u00fczem (8-12 ya\u015f)<\/li>\n<\/ul>\n\n\n\n<h3 class=\"wp-block-heading\">\u0130ktisadi Ba\u011f\u0131ms\u0131zl\u0131k M\u00fczesi, Ulus\u2013Ankara<\/h3>\n\n\n\n<ul class=\"wp-block-list\">\n<li><strong>2 May\u0131s Cumartesi 13.00\u00a0<\/strong>Bir An\u0131 Bir \u00c7er\u00e7eve (5-7 ya\u015f)<\/li>\n\n\n\n<li><strong>2 May\u0131s Cumartesi 14.00\u00a0<\/strong>Resmini Sen Tamamla (3-6 ya\u015f)<\/li>\n\n\n\n<li><strong>10 May\u0131s Pazar 14.00\u00a0<\/strong>Kalpten \u00c7i\u00e7ekler: Seramik Buket At\u00f6lyesi (3-6 ya\u015f, ebeveynli)<\/li>\n\n\n\n<li><strong>16 May\u0131s Cumartesi 15.00\u00a0<\/strong>Meyvelerin Seramik Maceras\u0131 (3-6 ya\u015f, ebeveynli)<\/li>\n<\/ul>\n\n\n\n<h3 class=\"wp-block-heading\">\u0130\u015f Sanat Kibele Sanat Galerisi, Levent\u2013\u0130stanbul<\/h3>\n\n\n\n<ul class=\"wp-block-list\">\n<li><strong>3 May\u0131s Pazar 13.00\u00a0<\/strong>Karakterini Tasarla: Bask\u0131 At\u00f6lyesi (6-10 ya\u015f)<\/li>\n\n\n\n<li><strong>10 May\u0131s Pazar 16.30\u00a0<\/strong>G\u00f6ky\u00fcz\u00fc Dura\u011f\u0131 (3-5 ya\u015f, ebeveynli)<\/li>\n<\/ul>\n\n\n\n<p>Karde\u015f haber kaynak:<a href=\"https:\/\/gundengunenews.com\/2026\/04\/30\/is-sanatin-minik-sanatseverler-icin-hazirladigi-ucretsiz-atolyeler\/\">https:\/\/gundengunenews.com\/2026\/04\/30\/is-sanatin-minik-sanatseverler-icin-hazirladigi-ucretsiz-atolyeler\/<\/a><\/p>\n\n\n\n<p>Kaynak:&nbsp;<a href=\"https:\/\/www.haberturk.com\/mayista-muzelerde-kutlama-var-iste-istanbul-ve-ankarada-ucretsiz-cocuk-atolyeleri-3881287\">https:\/\/www.haberturk.com\/mayista-muzelerde-kutlama-var-iste-istanbul-ve-ankarada-ucretsiz-cocuk-atolyeleri-3881287<\/a><\/p>\n\n\n\n<p>G\u00f6rsel:&nbsp;<a href=\"https:\/\/www.haberturk.com\/mayista-muzelerde-kutlama-var-iste-istanbul-ve-ankarada-ucretsiz-cocuk-atolyeleri-3881287\">https:\/\/www.haberturk.com\/mayista-muzelerde-kutlama-var-iste-istanbul-ve-ankarada-ucretsiz-cocuk-atolyeleri-3881287<\/a><\/p>\n","protected":false},"excerpt":{"rendered":"<p>30.04.2026 19:07 \u0130\u015fte \u0130\u015f Sanat\u2019\u0131n \u0130stanbul ve Ankara\u2019daki minik sanatseverler i\u00e7in haz\u0131rlad\u0131\u011f\u0131 \u00fccretsiz at\u00f6lyeler\u2026 \u0130\u015f Sanat\u2019\u0131n \u0130stanbul ve Ankara\u2019daki minik sanatseverler i\u00e7in haz\u0131rlad\u0131\u011f\u0131 \u00fccretsiz at\u00f6lyeleri s\u00fcr\u00fcyor. \u00c7ocuklar\u0131 kolaj, linol, eskiz ve suluboya gibi tekniklerle tan\u0131\u015ft\u0131ran at\u00f6lyeler hem sanat\u0131 ve sanat\u00e7\u0131lar\u0131 tan\u0131yacaklar\u0131 hem de g\u00f6zlem yeteneklerini geli\u015ftirecekleri \u00e7ok y\u00f6nl\u00fc bir ifade alan\u0131 sunuyor. Programlarda 19 May\u0131s&#8230;<\/p>\n","protected":false},"author":5,"featured_media":7720,"comment_status":"open","ping_status":"open","sticky":false,"template":"","format":"standard","meta":{"_jetpack_memberships_contains_paid_content":false,"footnotes":""},"categories":[10],"tags":[2370],"class_list":["post-7718","post","type-post","status-publish","format-standard","has-post-thumbnail","hentry","category-kultur-sanat","tag-muze"],"jetpack_featured_media_url":"https:\/\/dbsnewsmedia.com\/wp-content\/uploads\/2026\/04\/53.jpg","jetpack_sharing_enabled":true,"_links":{"self":[{"href":"https:\/\/dbsnewsmedia.com\/index.php?rest_route=\/wp\/v2\/posts\/7718","targetHints":{"allow":["GET"]}}],"collection":[{"href":"https:\/\/dbsnewsmedia.com\/index.php?rest_route=\/wp\/v2\/posts"}],"about":[{"href":"https:\/\/dbsnewsmedia.com\/index.php?rest_route=\/wp\/v2\/types\/post"}],"author":[{"embeddable":true,"href":"https:\/\/dbsnewsmedia.com\/index.php?rest_route=\/wp\/v2\/users\/5"}],"replies":[{"embeddable":true,"href":"https:\/\/dbsnewsmedia.com\/index.php?rest_route=%2Fwp%2Fv2%2Fcomments&post=7718"}],"version-history":[{"count":1,"href":"https:\/\/dbsnewsmedia.com\/index.php?rest_route=\/wp\/v2\/posts\/7718\/revisions"}],"predecessor-version":[{"id":7721,"href":"https:\/\/dbsnewsmedia.com\/index.php?rest_route=\/wp\/v2\/posts\/7718\/revisions\/7721"}],"wp:featuredmedia":[{"embeddable":true,"href":"https:\/\/dbsnewsmedia.com\/index.php?rest_route=\/wp\/v2\/media\/7720"}],"wp:attachment":[{"href":"https:\/\/dbsnewsmedia.com\/index.php?rest_route=%2Fwp%2Fv2%2Fmedia&parent=7718"}],"wp:term":[{"taxonomy":"category","embeddable":true,"href":"https:\/\/dbsnewsmedia.com\/index.php?rest_route=%2Fwp%2Fv2%2Fcategories&post=7718"},{"taxonomy":"post_tag","embeddable":true,"href":"https:\/\/dbsnewsmedia.com\/index.php?rest_route=%2Fwp%2Fv2%2Ftags&post=7718"}],"curies":[{"name":"wp","href":"https:\/\/api.w.org\/{rel}","templated":true}]}}