{"id":7723,"date":"2026-04-30T19:12:32","date_gmt":"2026-04-30T16:12:32","guid":{"rendered":"https:\/\/dbsnewsmedia.com\/?p=7723"},"modified":"2026-04-30T19:12:32","modified_gmt":"2026-04-30T16:12:32","slug":"surdurulebilir-turizm-basarisi-ispanyanin-sakli-cenneti-san-facundo-ziyaretci-rekoru-kiriyor","status":"publish","type":"post","link":"https:\/\/dbsnewsmedia.com\/?p=7723","title":{"rendered":"S\u00fcrd\u00fcr\u00fclebilir Turizm Ba\u015far\u0131s\u0131: \u0130spanya&#8217;n\u0131n Sakl\u0131 Cenneti San Facundo Ziyaret\u00e7i Rekoru K\u0131r\u0131yor"},"content":{"rendered":"\n<p>\u0130spanya\u2019n\u0131n El Bierzo b\u00f6lgesinde yer alan 16 n\u00fcfuslu San Facundo k\u00f6y\u00fc, uygulad\u0131\u011f\u0131 yerel y\u00f6netim modeliyle y\u0131lda 25 bin turisti a\u011f\u0131rlayarak k\u0131rsal kalk\u0131nma konusunda dikkat \u00e7eken bir \u00f6rnek haline geldi.<\/p>\n\n\n\n<p>\u0130spanya\u2019n\u0131n kuzeyindeki da\u011fl\u0131k bir b\u00f6lgede bulunan San Facundo, k\u0131s\u0131tl\u0131 n\u00fcfusuna ra\u011fmen modern altyap\u0131s\u0131 ve do\u011fal dokusunu koruyan yap\u0131s\u0131yla Avrupa\u2019daki k\u0131rsal turizm rotalar\u0131 aras\u0131nda yerini ald\u0131. K\u00f6y, sadece sakin bir ya\u015fam alan\u0131 sunmakla kalmay\u0131p, sundu\u011fu imk\u00e2nlarla ziyaret\u00e7ilerin ilgisini \u00e7ekiyor.<\/p>\n\n\n\n<p><strong>Do\u011fan\u0131n Kalbinde Modern Konfor: \u00dccretsiz Wi-Fi, Nehir Plaj\u0131 ve Geleneksel Lezzetler<\/strong><\/p>\n\n\n\n<p>San Facundo\u2019da yerel y\u00f6netimin \u00e7al\u0131\u015fmalar\u0131 neticesinde t\u00fcm k\u00f6y genelinde \u00fccretsiz Wi-Fi eri\u015fimi sa\u011flan\u0131rken, sa\u011fl\u0131k dan\u0131\u015fmanl\u0131\u011f\u0131 ve ayd\u0131nlatma gibi temel hizmetlerde modern standartlar uygulan\u0131yor.<\/p>\n\n\n\n<p>K\u00f6y\u00fcn sosyal dokusunu ise 1980\u2019lerden bu yana faaliyet g\u00f6steren geleneksel bir restoran ile do\u011fayla i\u00e7 i\u00e7e olan nehir plaj\u0131 ve y\u00fcr\u00fcy\u00fc\u015f parkurlar\u0131 tamaml\u0131yor.<\/p>\n\n\n\n<p><strong>S\u00fcrd\u00fcr\u00fclebilir Turizm Ba\u015far\u0131s\u0131: Ticari Beklenti Yerine Ya\u015fam Kalitesi Odakl\u0131 Model<\/strong><\/p>\n\n\n\n<p>K\u00f6y\u00fcn son 30 y\u0131ll\u0131k geli\u015fim s\u00fcrecinde, eski bir madenci olan Belediye Ba\u015fkan\u0131 Ricardo Vila\u2019n\u0131n y\u00f6netim anlay\u0131\u015f\u0131 belirleyici bir rol oynad\u0131. Vila\u2019n\u0131n uygulad\u0131\u011f\u0131 strateji, k\u00f6y\u00fc ticari bir turizm merkezine d\u00f6n\u00fc\u015ft\u00fcrmek yerine, \u00f6ncelikle orada ya\u015fayanlar\u0131n hayat kalitesini art\u0131rmay\u0131 hedefliyor. Bu yakla\u015f\u0131m, dolayl\u0131 olarak b\u00f6lgeyi huzurlu ve do\u011fal bir deneyim arayan turistler i\u00e7in cazibe noktas\u0131 haline getirdi.<\/p>\n\n\n\n<p>El Bierzo\u2019nun ye\u015fil vadilerinde konumlanan k\u00f6y; Las M\u00e9dulas, Villafranca del Bierzo ve Ancares Da\u011flar\u0131 gibi \u00f6nemli turistik noktalara yak\u0131nl\u0131\u011f\u0131yla da stratejik bir konumda bulunuyor. Do\u011fal nehirleri ve orman dokusuyla her mevsim ziyaret\u00e7i kabul eden yerle\u015fim yeri, \u0130spanya\u2019n\u0131n az bilinen k\u0131rsal miras\u0131n\u0131 temsil ediyor.<\/p>\n\n\n\n<p>30.04.2026,19.12<\/p>\n\n\n\n<p>Kaynak:<a href=\"https:\/\/www.sozcu.com.tr\/sadece-16-kisinin-yasadigi-bu-koy-turist-akinina-ugruyor-p315638\">https:\/\/www.sozcu.com.tr\/sadece-16-kisinin-yasadigi-bu-koy-turist-akinina-ugruyor-p315638<\/a><\/p>\n\n\n\n<p>Edit\u00f6r\u00fcn Notu: S\u00f6zc\u00fc Gazetesi\u2019nde yay\u0131mlanan bu haber, \u00f6z\u00fcne sad\u0131k kal\u0131narak yeniden d\u00fczenlenmi\u015ftir.<\/p>\n","protected":false},"excerpt":{"rendered":"<p>&#8220;\u0130spanya&#8217;da sadece 16 ki\u015finin ya\u015fad\u0131\u011f\u0131 San Facundo k\u00f6y\u00fc, do\u011fayla i\u00e7 i\u00e7e sundu\u011fu modern imk\u00e2nlar ve s\u00fcrd\u00fcr\u00fclebilir yerel y\u00f6netim modeliyle Avrupa k\u0131rsal turizminin en ba\u015far\u0131l\u0131 \u00f6rneklerinden biri haline geldi. \u00dccretsiz internetten nehir plajlar\u0131na kadar pek \u00e7ok detay\u0131n d\u00fc\u015f\u00fcn\u00fcld\u00fc\u011f\u00fc bu \u015firin yerle\u015fim yeri, her y\u0131l 25 bin turisti a\u011f\u0131rlayarak k\u0131r turizmi alan\u0131nda e\u015fine az rastlan\u0131r bir rekora imza at\u0131yor.&#8221;<\/p>\n","protected":false},"author":3,"featured_media":7724,"comment_status":"open","ping_status":"open","sticky":false,"template":"","format":"standard","meta":{"_jetpack_memberships_contains_paid_content":false,"footnotes":""},"categories":[11],"tags":[2372],"class_list":["post-7723","post","type-post","status-publish","format-standard","has-post-thumbnail","hentry","category-turizm","tag-kirsalturizm-ispanya-sanfacundo-surdurulebilirturizm-seyahatrotalari-turizmhaberleri-gezirehberi-tatil"],"jetpack_featured_media_url":"https:\/\/dbsnewsmedia.com\/wp-content\/uploads\/2026\/04\/ekran-goruntusu-20260430-131008png-ERcr0oU1L0WK47gA6gXx6Q.png.webp","jetpack_sharing_enabled":true,"_links":{"self":[{"href":"https:\/\/dbsnewsmedia.com\/index.php?rest_route=\/wp\/v2\/posts\/7723","targetHints":{"allow":["GET"]}}],"collection":[{"href":"https:\/\/dbsnewsmedia.com\/index.php?rest_route=\/wp\/v2\/posts"}],"about":[{"href":"https:\/\/dbsnewsmedia.com\/index.php?rest_route=\/wp\/v2\/types\/post"}],"author":[{"embeddable":true,"href":"https:\/\/dbsnewsmedia.com\/index.php?rest_route=\/wp\/v2\/users\/3"}],"replies":[{"embeddable":true,"href":"https:\/\/dbsnewsmedia.com\/index.php?rest_route=%2Fwp%2Fv2%2Fcomments&post=7723"}],"version-history":[{"count":1,"href":"https:\/\/dbsnewsmedia.com\/index.php?rest_route=\/wp\/v2\/posts\/7723\/revisions"}],"predecessor-version":[{"id":7725,"href":"https:\/\/dbsnewsmedia.com\/index.php?rest_route=\/wp\/v2\/posts\/7723\/revisions\/7725"}],"wp:featuredmedia":[{"embeddable":true,"href":"https:\/\/dbsnewsmedia.com\/index.php?rest_route=\/wp\/v2\/media\/7724"}],"wp:attachment":[{"href":"https:\/\/dbsnewsmedia.com\/index.php?rest_route=%2Fwp%2Fv2%2Fmedia&parent=7723"}],"wp:term":[{"taxonomy":"category","embeddable":true,"href":"https:\/\/dbsnewsmedia.com\/index.php?rest_route=%2Fwp%2Fv2%2Fcategories&post=7723"},{"taxonomy":"post_tag","embeddable":true,"href":"https:\/\/dbsnewsmedia.com\/index.php?rest_route=%2Fwp%2Fv2%2Ftags&post=7723"}],"curies":[{"name":"wp","href":"https:\/\/api.w.org\/{rel}","templated":true}]}}