{"id":7726,"date":"2026-04-30T19:21:10","date_gmt":"2026-04-30T16:21:10","guid":{"rendered":"https:\/\/dbsnewsmedia.com\/?p=7726"},"modified":"2026-04-30T19:21:10","modified_gmt":"2026-04-30T16:21:10","slug":"krizlere-ragmen-arti-yonlu-seyir-bakan-ersoy-2026-turizm-stratejisini-acikladi","status":"publish","type":"post","link":"https:\/\/dbsnewsmedia.com\/?p=7726","title":{"rendered":"Krizlere Ra\u011fmen Art\u0131 Y\u00f6nl\u00fc Seyir: Bakan Ersoy 2026 Turizm Stratejisini A\u00e7\u0131klad\u0131"},"content":{"rendered":"\n<p>K\u00fclt\u00fcr ve Turizm Bakan\u0131 Mehmet Nuri Ersoy, 2026\u2019n\u0131n ikinci \u00e7eyre\u011fine ili\u015fkin dikkat \u00e7eken uyar\u0131larda bulundu. K\u00fcresel gerilimler, sava\u015f etkisi ve ekonomik belirsizliklerin turizm hareketlili\u011fini bask\u0131layabilece\u011fini belirten Ersoy, sekt\u00f6r\u00fcn temkinli ama kontroll\u00fc bir iyimserlikle ilerledi\u011fini vurgulad\u0131.<\/p>\n\n\n\n<p>K\u00fclt\u00fcr ve Turizm Bakan\u0131 Mehmet Nuri Ersoy, turizmde 2026 y\u0131l\u0131n\u0131n ilk \u00e7eyre\u011fine ili\u015fkin verileri ve \u00f6n\u00fcm\u00fczdeki d\u00f6neme ili\u015fkin yol haritas\u0131n\u0131 \u0130stanbul Atat\u00fcrk K\u00fclt\u00fcr Merkezi\u2019nde d\u00fczenledi\u011fi bas\u0131n toplant\u0131s\u0131nda kamuoyuyla payla\u015ft\u0131. K\u00fcresel geli\u015fmelerin sekt\u00f6re etkilerine de\u011finen Bakan Ersoy, T\u00fcrkiye\u2019nin zorlu uluslararas\u0131 ko\u015fullara ra\u011fmen turizmde g\u00fc\u00e7l\u00fc bir ba\u015flang\u0131\u00e7 yapt\u0131\u011f\u0131n\u0131 belirtti.<\/p>\n\n\n\n<p>K\u00fcresel gerilimler ve b\u00f6lgesel belirsizliklerin g\u00f6lgesinde a\u00e7\u0131klanan 2026 y\u0131l\u0131 birinci \u00e7eyrek turizm verileri, T\u00fcrkiye\u2019nin sekt\u00f6rde g\u00fc\u00e7l\u00fc bir performansla yola devam etti\u011fini ortaya koydu. K\u00fclt\u00fcr ve Turizm Bakan\u0131 Mehmet Nuri Ersoy, y\u0131l\u0131n ilk \u00e7eyre\u011fine ili\u015fkin de\u011ferlendirmesinde T\u00fcrkiye\u2019nin krizlere ra\u011fmen turizmde art\u0131 y\u00f6nl\u00fc bir seyir izledi\u011fini vurgularken Cumhurba\u015fkan\u0131 Recep Tayyip Erdo\u011fan\u2019\u0131n \u201cistikrar adas\u0131\u201d tan\u0131m\u0131n\u0131 yineleyerek \u00fclkemizin bulundu\u011fu co\u011frafyada g\u00fcven ve istikrar\u0131n merkezi konumunu korudu\u011funa dikkat \u00e7ekti.<a href=\"https:\/\/optad360.com\/?utm_source=branding&amp;utm_medium=display&amp;utm_campaign=www.turizmgunlugu.com\" target=\"_blank\" rel=\"noreferrer noopener\"><\/a><\/p>\n\n\n\n<p><strong>K\u00fcresel Daralma ve Ortak Kader: Rakip Destinasyonlar da Ayn\u0131 Dalgalanmay\u0131 Ya\u015f\u0131yor<\/strong><\/p>\n\n\n\n<p>K\u00fcresel geli\u015fmelerin turizm \u00fczerindeki etkilerine dikkat \u00e7eken Ersoy, i\u00e7inde bulunulan d\u00f6nemin yaln\u0131zca T\u00fcrkiye\u2019ye \u00f6zg\u00fc olmad\u0131\u011f\u0131n\u0131, d\u00fcnyan\u0131n \u00f6nde gelen turizm destinasyonlar\u0131n\u0131n da benzer dalgalanmalarla kar\u015f\u0131 kar\u015f\u0131ya kald\u0131\u011f\u0131n\u0131 ifade etti. B\u00f6lgesel gerilimler, jeopolitik geli\u015fmeler ve uluslararas\u0131 seyahat hareketlili\u011finde ya\u015fanan dalgalanmalar\u0131n sekt\u00f6r\u00fc do\u011frudan etkiledi\u011fini belirten Ersoy, T\u00fcrkiye\u2019nin de bu s\u00fcrecin d\u0131\u015f\u0131nda olmad\u0131\u011f\u0131na i\u015faret etti.<\/p>\n\n\n\n<p><strong>2026&#8217;ya Pozitif Giri\u015f: \u0130lk \u00c7eyrekte Turist Say\u0131s\u0131 9 Milyonu A\u015ft\u0131<\/strong><\/p>\n\n\n<div class=\"wp-block-image\">\n<figure class=\"aligncenter\"><a class=\"td-modal-image\" href=\"data:image\/gif;base64,R0lGODdhAQABAPAAAMPDwwAAACwAAAAAAQABAAACAkQBADs=\"><img decoding=\"async\" src=\"https:\/\/www.turizmgunlugu.com\/wp-content\/uploads\/2026\/04\/2026-BIRINCI-CEYREK-TURIZM-VERILERI-2.jpg\" alt=\"\" class=\"wp-image-124771\"\/><\/a><\/figure>\n<\/div>\n\n\n<p>Turizmde 2026 y\u0131l\u0131n\u0131n ilk \u00e7eyre\u011fine ili\u015fkin de\u011ferlendirmesinde Bakan Ersoy, elde edilen verilerin t\u00fcm k\u00fcresel zorluklara ra\u011fmen turizmde y\u0131l\u0131n art\u0131 y\u00f6nl\u00fc ba\u015flad\u0131\u011f\u0131n\u0131 g\u00f6sterdi\u011fini belirtti. Bu tablonun tesad\u00fcfi olmad\u0131\u011f\u0131n\u0131 vurgulayan Ersoy, s\u00fcrecin planl\u0131, koordineli ve sahada aktif \u015fekilde y\u00fcr\u00fct\u00fclen bir s\u00fcrecin sonucu oldu\u011funu kaydetti.<\/p>\n\n\n\n<p>Bakan Ersoy\u2019un bas\u0131n toplant\u0131s\u0131nda payla\u015ft\u0131\u011f\u0131 sunuma g\u00f6re ziyaret\u00e7i say\u0131lar\u0131 y\u0131l\u0131n ilk \u00fc\u00e7 ay\u0131nda dalgal\u0131 bir seyir izledi. Ocak 2025\u2019te ziyaret\u00e7i say\u0131s\u0131 2 milyon 950 bin iken Ocak 2026\u2019da 3 milyon 131 bine y\u00fckseldi ve y\u00fczde 6,1 art\u0131\u015f kaydedildi. \u015eubat ay\u0131nda Ramazan ay\u0131n\u0131n etkisiyle 2 milyon 899 binden 2 milyon 848 bine gerileyerek y\u00fczde 1,7 d\u00fc\u015f\u00fc\u015f ya\u015fand\u0131. Mart ay\u0131nda ise sava\u015f etkisine ra\u011fmen 2 milyon 995 binden 3 milyon 240 bine \u00e7\u0131karak y\u00fczde 8,2 art\u0131\u015f ger\u00e7ekle\u015fti. B\u00f6ylece ilk \u00fc\u00e7 ay toplam\u0131nda ziyaret\u00e7i say\u0131s\u0131 8 milyon 844 binden 9 milyon 219 bine y\u00fckselirken y\u00fczde 4,2\u2019lik art\u0131\u015f kaydedildi.<br>Sunumda ayr\u0131ca, ayn\u0131 d\u00f6nemde ziyaret\u00e7i say\u0131lar\u0131ndaki de\u011fi\u015fimde Ramazan ay\u0131n\u0131n 10 g\u00fcn \u00f6ne gelmesinin \u015fubat ay\u0131na olumsuz, mart ay\u0131na olumlu etkide bulundu\u011fu; \u0130ran-\u0130srail-ABD sava\u015f\u0131 kaynakl\u0131 geli\u015fmelerin ise \u00f6zellikle mart ay\u0131nda b\u00f6lge pazarlar\u0131n\u0131 etkiledi\u011fi belirtildi.<\/p>\n\n\n\n<p><strong>Sekt\u00f6r\u00fcn Y\u00fcz\u00fcn\u00fc G\u00fcld\u00fcren Bilan\u00e7o: \u00c7eyreklik Turizm Geliri 9.8 Milyar Dolara Ula\u015ft\u0131<\/strong><\/p>\n\n\n<div class=\"wp-block-image\">\n<figure class=\"aligncenter\"><a class=\"td-modal-image\" href=\"data:image\/gif;base64,R0lGODdhAQABAPAAAMPDwwAAACwAAAAAAQABAAACAkQBADs=\"><img decoding=\"async\" src=\"https:\/\/www.turizmgunlugu.com\/wp-content\/uploads\/2026\/04\/2026-BIRINCI-CEYREK-TURIZM-VERILERI-3.jpg\" alt=\"\" class=\"wp-image-124770\"\/><\/a><\/figure>\n<\/div>\n\n\n<p>K\u00fclt\u00fcr ve Turizm Bakan\u0131 Mehmet Nuri Ersoy\u2019un a\u00e7\u0131klad\u0131\u011f\u0131 verilere g\u00f6re turizm geliri de ilk \u00e7eyrekte art\u0131\u015f g\u00f6sterdi. 2025 y\u0131l\u0131n\u0131n ilk \u00e7eyre\u011finde 9 milyar 494 milyon dolar olan gelir, 2026\u2019n\u0131n ayn\u0131 d\u00f6neminde 9 milyar 896 milyon dolara y\u00fckseldi. B\u00f6ylece y\u00fczde 4,2\u2019lik art\u0131\u015f kaydedildi.<\/p>\n\n\n\n<p><strong>Katma De\u011ferli Turizm Hedefine Do\u011fru: Yabanc\u0131 Turistin Gecelik Harcamas\u0131 119 Dolar Oldu<\/strong><\/p>\n\n\n<div class=\"wp-block-image\">\n<figure class=\"aligncenter\"><a class=\"td-modal-image\" href=\"data:image\/gif;base64,R0lGODdhAQABAPAAAMPDwwAAACwAAAAAAQABAAACAkQBADs=\"><img decoding=\"async\" src=\"https:\/\/www.turizmgunlugu.com\/wp-content\/uploads\/2026\/04\/2026-BIRINCI-CEYREK-TURIZM-VERILERI-4.jpg\" alt=\"\" class=\"wp-image-124769\"\/><\/a><\/figure>\n<\/div>\n\n\n<p>Bakan Ersoy\u2019un payla\u015ft\u0131\u011f\u0131 ki\u015fi ba\u015f\u0131 gecelik harcama verilerindeki art\u0131\u015f da dikkat \u00e7ekti. Yabanc\u0131 ziyaret\u00e7ilerin 2026 y\u0131l\u0131 ilk \u00e7eyre\u011findeki gecelik harcamas\u0131 116 dolardan 119 dolara y\u00fckselirken y\u00fczde 2,2 art\u0131\u015f ger\u00e7ekle\u015fti.<\/p>\n\n\n\n<p><strong>Proaktif Kriz Y\u00f6netimi: B\u00f6lgesel Gerilimlere Ra\u011fmen &#8216;\u0130stikrar Adas\u0131&#8217; T\u00fcrkiye<\/strong><\/p>\n\n\n<div class=\"wp-block-image\">\n<figure class=\"aligncenter\"><a class=\"td-modal-image\" href=\"data:image\/gif;base64,R0lGODdhAQABAPAAAMPDwwAAACwAAAAAAQABAAACAkQBADs=\"><img decoding=\"async\" src=\"https:\/\/www.turizmgunlugu.com\/wp-content\/uploads\/2026\/04\/2026-BIRINCI-CEYREK-TURIZM-VERILERI-5.jpg\" alt=\"\" class=\"wp-image-124768\"\/><\/a><\/figure>\n<\/div>\n\n\n<p>T\u00fcrkiye\u2019nin bulundu\u011fu co\u011frafyada krizlerin her zaman olabilece\u011fini ifade eden Ersoy, bu t\u00fcr d\u00f6nemlerde belirleyici unsurun s\u00fcrecin nas\u0131l y\u00f6netildi\u011fi oldu\u011funu vurgulad\u0131. Ge\u00e7ti\u011fimiz y\u0131l\u0131n da benzer k\u00fcresel geli\u015fmelerle ge\u00e7ti\u011fini hat\u0131rlatan Ersoy, T\u00fcrkiye\u2019nin 2025 y\u0131l\u0131n\u0131 64 milyon ziyaret\u00e7i ve 65,2 milyar dolar turizm geliriyle kapatt\u0131\u011f\u0131n\u0131 belirtti. Ersoy, bu verilerin T\u00fcrkiye\u2019nin turizmde yaln\u0131zca g\u00fc\u00e7l\u00fc bir destinasyon olmad\u0131\u011f\u0131n\u0131, ayn\u0131 zamanda kriz y\u00f6netimi konusunda y\u00fcksek bir kapasiteye sahip oldu\u011funu ortaya koydu\u011funu ifade etti. Bakan Ersoy, \u201cYani biz s\u00fcreci uzaktan izleyen de\u011fil; sahada, sekt\u00f6rle birlikte y\u00f6neten bir anlay\u0131\u015fla hareket ediyoruz.\u201d dedi.<\/p>\n\n\n\n<p>Cumhurba\u015fkan\u0131 Recep Tayyip Erdo\u011fan\u2019\u0131n dile getirdi\u011fi \u201c\u0130stikrar Adas\u0131\u201d vurgusuna konu\u015fmas\u0131nda dikkat \u00e7eken Ersoy \u015funlar\u0131 kaydetti: \u201cCumhurba\u015fkan\u0131m\u0131z Say\u0131n Recep Tayyip Erdo\u011fan\u2019\u0131n liderli\u011finde T\u00fcrkiye, son y\u0131llar\u0131n en b\u00fcy\u00fck g\u00fcvenlik krizini ba\u015far\u0131yla y\u00f6neterek ate\u015f \u00e7emberi i\u00e7indeki b\u00f6lgesinin istikrar adas\u0131 oldu\u011funu bir kere daha tespit ve tescil etmi\u015ftir.\u201d<\/p>\n\n\n\n<p><strong>Dev Organizasyonlar\u0131n Tan\u0131t\u0131m G\u00fcc\u00fc: Formula 1 ve Uluslararas\u0131 Zirvelerin Sekt\u00f6re Etkisi<\/strong><\/p>\n\n\n\n<p>T\u00fcrkiye\u2019nin uluslararas\u0131 etkinliklerle k\u00fcresel g\u00f6r\u00fcn\u00fcrl\u00fc\u011f\u00fcn\u00fc art\u0131rd\u0131\u011f\u0131na konu\u015fmas\u0131nda vurgu yapan Ersoy, Antalya Diplomasi Forumu, NATO Zirvesi, Uluslararas\u0131 Uzay Kongresi ve COP31 gibi organizasyonlar\u0131n yan\u0131 s\u0131ra Formula 1, UEFA Avrupa Ligi Finali ve Andrea Bocelli, Kanye West, Scorpions, Pet Shop Boys gibi d\u00fcnya y\u0131ld\u0131zlar\u0131n\u0131n konserlerinin \u00fclkenin tan\u0131t\u0131m\u0131na katk\u0131 sundu\u011funu dile getirdi.<\/p>\n\n\n\n<p>Formula 1\u2019e ili\u015fkin a\u00e7\u0131klamalar\u0131n yap\u0131ld\u0131\u011f\u0131 ilk d\u00f6rt g\u00fcn i\u00e7erisinde 50\u2019den fazla \u00fclkede 2 bini a\u015fk\u0131n haberle yakla\u015f\u0131k 650 milyon eri\u015fim sa\u011fland\u0131\u011f\u0131n\u0131 belirten Ersoy, sosyal medyada ise ilk d\u00f6rt g\u00fcnde 200 milyona yak\u0131n etkile\u015fim elde edildi\u011fini, 177\u2019den fazla \u00fclkeden payla\u015f\u0131mlar yap\u0131ld\u0131\u011f\u0131n\u0131 ve 44\u2019ten fazla dilde i\u00e7erik \u00fcretildi\u011fini aktard\u0131.<\/p>\n\n\n\n<p>Bu verilerin organizasyonun k\u00fcresel \u00f6l\u00e7ekte g\u00fc\u00e7l\u00fc bir etki olu\u015fturdu\u011funu ortaya koydu\u011funu ifade eden Ersoy, \u201cFormula 1 T\u00fcrkiye Grand Prix\u2019si yaln\u0131zca spor d\u00fcnyas\u0131nda de\u011fil, ana ak\u0131m uluslararas\u0131 ileti\u015fim kanallar\u0131nda da birinci s\u0131n\u0131f bir g\u00fcndem ba\u015fl\u0131\u011f\u0131 h\u00e2line gelmi\u015ftir.\u201d dedi.<\/p>\n\n\n\n<p><strong>Gelecek Stratejisi: G\u00fcven, Eri\u015filebilirlik ve S\u00fcreklilik \u00dczerine Kurulan Yeni Vizyo<\/strong><\/p>\n\n\n\n<p>Turizmin yaln\u0131zca bir destinasyon tercihi olmad\u0131\u011f\u0131n\u0131 hat\u0131rlatan Ersoy, g\u00fcven, eri\u015filebilirlik, deneyim ve s\u00fcreklili\u011fin \u00f6n plana \u00e7\u0131kt\u0131\u011f\u0131n\u0131 belirtti. Ersoy, T\u00fcrkiye\u2019nin turizmini bu \u00e7ok boyutlu perspektifle ele ald\u0131\u011f\u0131n\u0131 ve stratejilerini bu do\u011frultuda \u015fekillendirdiklerini ifade etti.<\/p>\n\n\n\n<p><strong>Bakan Ersoy&#8217;dan Sekt\u00f6re Uyar\u0131: \u0130kinci \u00c7eyrekte Jeopolitik Bask\u0131 ve &#8216;Son Dakika&#8217; D\u00f6nemi<\/strong><\/p>\n\n\n\n<p>\u00d6n\u00fcm\u00fczdeki d\u00f6neme ili\u015fkin de\u011ferlendirmelerde de bulunan&nbsp;<strong>Bakan Ersoy, ikinci \u00e7eyre\u011fin k\u00fcresel geli\u015fmeler ve sava\u015f\u0131n yaratt\u0131\u011f\u0131 olumsuzluklar\u0131n da yo\u011fun hissedilece\u011fi nedeniyle daha zorlu ge\u00e7ebilece\u011fine i\u015faret etti.<\/strong>&nbsp;\u00c7at\u0131\u015fma s\u00fcrecindeki belirsizlikler, enerji fiyatlar\u0131ndaki dalgalanmalar ve k\u00fcresel ekonomiye yans\u0131malar\u0131n\u0131n turizm hareketlili\u011fini etkileyebilece\u011fini belirten Ersoy, kal\u0131c\u0131 ate\u015fkes sa\u011flanana kadar ki s\u00fcre\u00e7te son dakika rezervasyonlar\u0131n\u0131n yo\u011funla\u015faca\u011f\u0131 bir d\u00f6nemin beklendi\u011fini ifade etti. Kal\u0131c\u0131 bir ate\u015fkes sa\u011flanmas\u0131 durumunda h\u0131zl\u0131 bir toparlanma \u00f6ng\u00f6rd\u00fcklerini dile getiren Ersoy, k\u00fcresel geli\u015fmeleri anl\u0131k olarak takip edeceklerini, riskleri proaktif \u015fekilde y\u00f6neteceklerini ve gerekli ad\u0131mlar\u0131 kararl\u0131l\u0131kla atacaklar\u0131n\u0131 vurgulad\u0131.<\/p>\n\n\n\n<p><strong>TGA&#8217;dan Kesintisiz Tan\u0131t\u0131m Ata\u011f\u0131: Hedef Pazarlarda \u0130leti\u015fim B\u00fct\u00e7esi \u0130ki Kat\u0131na \u00c7\u0131kar\u0131ld\u0131<\/strong><\/p>\n\n\n\n<p>Tan\u0131t\u0131m taraf\u0131nda g\u00fc\u00e7l\u00fc bir refleks g\u00f6sterildi\u011fini ifade eden Bakan Ersoy, T\u00fcrkiye Turizm Tan\u0131t\u0131m ve Geli\u015ftirme Ajans\u0131n\u0131n uluslararas\u0131 pazarlardaki faaliyetlerini kesintisiz \u015fekilde s\u00fcrd\u00fcrd\u00fc\u011f\u00fcn\u00fc ve bir\u00e7ok hedef pazarda tan\u0131t\u0131m \u00e7al\u0131\u015fmalar\u0131n\u0131n iki kat\u0131na \u00e7\u0131kar\u0131ld\u0131\u011f\u0131n\u0131 belirtti.<br>Ersoy, dijital mecralardan geleneksel ileti\u015fim kanallar\u0131na kadar geni\u015f bir yelpazede y\u00fcr\u00fct\u00fclen bu \u00e7al\u0131\u015fmalarla T\u00fcrkiye\u2019nin g\u00fc\u00e7l\u00fc, g\u00fcvenli ve cazip bir destinasyon oldu\u011fu mesaj\u0131n\u0131n k\u00fcresel \u00f6l\u00e7ekte kararl\u0131l\u0131kla verildi\u011fini ifade etti.<\/p>\n\n\n\n<p><strong>Havac\u0131l\u0131k Sekt\u00f6r\u00fcyle Yak\u0131n Temas: Talep De\u011fi\u015fimlerine An\u0131nda Kapasite Ayar\u0131<\/strong><\/p>\n\n\n\n<p>Tan\u0131t\u0131m kadar \u00f6nemli bir di\u011fer ba\u015fl\u0131\u011f\u0131n eri\u015filebilirlik ve kapasite y\u00f6netimi oldu\u011funu vurgulayan Ersoy, ba\u015fta T\u00fcrk Hava Yollar\u0131 olmak \u00fczere havayolu sekt\u00f6r\u00fcyle yak\u0131n i\u015f birli\u011fi i\u00e7erisinde \u00e7al\u0131\u015f\u0131ld\u0131\u011f\u0131n\u0131 belirtti.<\/p>\n\n\n\n<p>Pazarlardaki talep de\u011fi\u015fimlerinin anl\u0131k olarak de\u011ferlendirildi\u011fini kaydeden Ersoy, u\u00e7u\u015f planlamalar\u0131ndan kapasite kullan\u0131m\u0131na kadar bir\u00e7ok ba\u015fl\u0131\u011f\u0131n birlikte ele al\u0131nd\u0131\u011f\u0131n\u0131 ifade etti. Ersoy, gereken durumlarda h\u0131zl\u0131 aksiyon al\u0131narak talep odakl\u0131 d\u00fczenlemelerin hayata ge\u00e7irildi\u011fini s\u00f6yledi. Tur operat\u00f6rleriyle y\u00fcr\u00fct\u00fclen yo\u011fun temas trafi\u011fine de de\u011finen Bakan Ersoy, rezervasyon e\u011filimleri, iptal ve y\u00f6n de\u011fi\u015fimleri ile t\u00fcketici davran\u0131\u015flar\u0131n\u0131n do\u011frudan sahadan takip edildi\u011fini belirtti. Bu sayede, yaln\u0131zca mevcut durumun analiz edilmedi\u011fini belirten Ersoy, ayn\u0131 zamanda pazara \u00f6zel h\u0131zl\u0131 ve etkili aksiyonlar geli\u015ftirildi\u011fini ifade etti.<\/p>\n\n\n\n<p><strong>Zirve Yine De\u011fi\u015fmedi: Alman Turistler Birinci, Ruslar \u0130kinci S\u0131rada<\/strong><\/p>\n\n\n\n<p>T\u00fcrkiye\u2019ye, 2026 y\u0131l\u0131 ilk \u00e7eyrek verilerine g\u00f6re en fazla ziyaret\u00e7i g\u00f6nderen \u00fclkeler s\u0131ralamas\u0131nda Almanya 678 bin ziyaret\u00e7iyle ilk s\u0131rada yer ald\u0131. Almanya\u2019y\u0131 651 bin ziyaret\u00e7iyle Rusya Federasyonu takip etti. Yurt d\u0131\u015f\u0131 ikametli vatanda\u015flar\u0131n harcamas\u0131 67 dolardan 72 dolara \u00e7\u0131karak y\u00fczde 7,0 artt\u0131. T\u00fcm ziyaret\u00e7ilerde ortalama harcama 99 dolardan 102 dolara y\u00fckselerek y\u00fczde 2,8 art\u0131\u015f kaydetti. Y\u0131l ortalamas\u0131 hedefinde ise t\u00fcm ziyaret\u00e7iler i\u00e7in 100 dolardan 103 dolara y\u00fckseli\u015f \u00f6ng\u00f6r\u00fcld\u00fc.<\/p>\n\n\n\n<p>30.04.2026,19.20<\/p>\n\n\n\n<p>Kaynak:<a href=\"https:\/\/www.turizmgunlugu.com\/2026\/04\/30\/bakan-ersoy-uyardi-turizmde-ikinci-ceyrek-daha-zorlu-gecebilir\/\">https:\/\/www.turizmgunlugu.com\/2026\/04\/30\/bakan-ersoy-uyardi-turizmde-ikinci-ceyrek-daha-zorlu-gecebilir\/<\/a><\/p>\n\n\n\n<p>Edit\u00f6r\u00fcn Notu: Turizm G\u00fcnl\u00fc\u011f\u00fc Gazetesi\u2019nde yay\u0131mlanan bu haber, \u00f6z\u00fcne sad\u0131k kal\u0131narak yeniden d\u00fczenlenmi\u015ftir.<\/p>\n","protected":false},"excerpt":{"rendered":"<p>&#8220;K\u00fclt\u00fcr ve Turizm Bakan\u0131 Mehmet Nuri Ersoy, 2026 y\u0131l\u0131n\u0131n ilk \u00e7eyrek turizm verilerini a\u00e7\u0131klad\u0131. B\u00f6lgesel gerilimlere ve k\u00fcresel belirsizliklere ra\u011fmen T\u00fcrkiye, y\u0131l\u0131n ilk \u00fc\u00e7 ay\u0131nda hem ziyaret\u00e7i say\u0131s\u0131nda hem de turizm gelirlerinde art\u0131 y\u00f6nde g\u00fc\u00e7l\u00fc bir b\u00fcy\u00fcme kaydetti. \u0130lk \u00e7eyrekte gecelik harcamalar 119 dolara y\u00fckselirken Bakan Ersoy, ikinci \u00e7eyrekte sava\u015f\u0131n ve ekonomik dalgalanmalar\u0131n etkilerinin daha yo\u011fun hissedilebilece\u011fi konusunda sekt\u00f6r\u00fc temkinli olmaya \u00e7a\u011f\u0131rd\u0131.&#8221;<\/p>\n","protected":false},"author":3,"featured_media":7727,"comment_status":"open","ping_status":"open","sticky":false,"template":"","format":"standard","meta":{"_jetpack_memberships_contains_paid_content":false,"footnotes":""},"categories":[11],"tags":[2373],"class_list":["post-7726","post","type-post","status-publish","format-standard","has-post-thumbnail","hentry","category-turizm","tag-turizmsektoru-mehmetnuriersoy-turkiyeturizmi-turizmekonomisi-seyahatgundemi-tga-turizmhaberleri-2026turizmhedefleri"],"jetpack_featured_media_url":"https:\/\/dbsnewsmedia.com\/wp-content\/uploads\/2026\/04\/kultur-VE-TURIZM-BAKANI-MEHMET-NURi-ERSOY-3.jpg","jetpack_sharing_enabled":true,"_links":{"self":[{"href":"https:\/\/dbsnewsmedia.com\/index.php?rest_route=\/wp\/v2\/posts\/7726","targetHints":{"allow":["GET"]}}],"collection":[{"href":"https:\/\/dbsnewsmedia.com\/index.php?rest_route=\/wp\/v2\/posts"}],"about":[{"href":"https:\/\/dbsnewsmedia.com\/index.php?rest_route=\/wp\/v2\/types\/post"}],"author":[{"embeddable":true,"href":"https:\/\/dbsnewsmedia.com\/index.php?rest_route=\/wp\/v2\/users\/3"}],"replies":[{"embeddable":true,"href":"https:\/\/dbsnewsmedia.com\/index.php?rest_route=%2Fwp%2Fv2%2Fcomments&post=7726"}],"version-history":[{"count":1,"href":"https:\/\/dbsnewsmedia.com\/index.php?rest_route=\/wp\/v2\/posts\/7726\/revisions"}],"predecessor-version":[{"id":7728,"href":"https:\/\/dbsnewsmedia.com\/index.php?rest_route=\/wp\/v2\/posts\/7726\/revisions\/7728"}],"wp:featuredmedia":[{"embeddable":true,"href":"https:\/\/dbsnewsmedia.com\/index.php?rest_route=\/wp\/v2\/media\/7727"}],"wp:attachment":[{"href":"https:\/\/dbsnewsmedia.com\/index.php?rest_route=%2Fwp%2Fv2%2Fmedia&parent=7726"}],"wp:term":[{"taxonomy":"category","embeddable":true,"href":"https:\/\/dbsnewsmedia.com\/index.php?rest_route=%2Fwp%2Fv2%2Fcategories&post=7726"},{"taxonomy":"post_tag","embeddable":true,"href":"https:\/\/dbsnewsmedia.com\/index.php?rest_route=%2Fwp%2Fv2%2Ftags&post=7726"}],"curies":[{"name":"wp","href":"https:\/\/api.w.org\/{rel}","templated":true}]}}