{"id":7729,"date":"2026-04-30T19:23:29","date_gmt":"2026-04-30T16:23:29","guid":{"rendered":"https:\/\/dbsnewsmedia.com\/?p=7729"},"modified":"2026-04-30T19:23:29","modified_gmt":"2026-04-30T16:23:29","slug":"basin-ozgurlugu-25-yilin-en-dusuk-seviyesinde-turkiye-163-sirada","status":"publish","type":"post","link":"https:\/\/dbsnewsmedia.com\/?p=7729","title":{"rendered":"Bas\u0131n \u00d6zg\u00fcrl\u00fc\u011f\u00fc 25 Y\u0131l\u0131n En D\u00fc\u015f\u00fck Seviyesinde: T\u00fcrkiye 163. S\u0131rada"},"content":{"rendered":"\n<p><strong>RSF verilerine g\u00f6re, endeks tarihinde ilk kez \u00fclkelerin yar\u0131s\u0131ndan fazlas\u0131 bas\u0131n \u00f6zg\u00fcrl\u00fc\u011f\u00fc a\u00e7\u0131s\u0131ndan olumsuz kategorilerde yer ald\u0131.<\/strong><\/p>\n\n\n\n<p>S\u0131n\u0131r Tan\u0131mayan Gazeteciler\u2019in (RSF) 2026 y\u0131l\u0131na ili\u015fkin raporu, k\u00fcresel bas\u0131n \u00f6zg\u00fcrl\u00fc\u011f\u00fcn\u00fcn son 25 y\u0131l\u0131n en d\u00fc\u015f\u00fck d\u00fczeyine geriledi\u011fini ortaya koydu. Endekste ilk kez d\u00fcnya \u00fclkelerinin yar\u0131dan fazlas\u0131 \u201czor\u201d ya da \u201cciddi\/\u00e7ok ciddi\u201d kategorisinde yer al\u0131rken, T\u00fcrkiye d\u00f6rt basamak d\u00fc\u015ferek 180 \u00fclke aras\u0131nda 163. s\u0131raya indi.<\/p>\n\n\n\n<p>Per\u015fembe g\u00fcn\u00fc yay\u0131mlanan 2026 D\u00fcnya Bas\u0131n \u00d6zg\u00fcrl\u00fc\u011f\u00fc Endeksi\u2019ne g\u00f6re, k\u00fcresel \u00f6l\u00e7ekte bas\u0131n \u00f6zg\u00fcrl\u00fc\u011f\u00fc \u00e7eyrek y\u00fczy\u0131l\u0131n en k\u00f6t\u00fc seviyesine gerilemi\u015f durumda. RSF verileri, endeks tarihinde ilk kez \u00fclkelerin y\u00fczde 50\u2019sinden fazlas\u0131n\u0131n bas\u0131n \u00f6zg\u00fcrl\u00fc\u011f\u00fc a\u00e7\u0131s\u0131ndan olumsuz kategorilerde s\u0131n\u0131fland\u0131r\u0131ld\u0131\u011f\u0131n\u0131 g\u00f6steriyor.<\/p>\n\n\n\n<p>Raporda T\u00fcrkiye\u2019nin, bir \u00f6nceki y\u0131l bulundu\u011fu 159. s\u0131radan gerileyerek 163. s\u0131raya d\u00fc\u015ft\u00fc\u011f\u00fc belirtilirken, gazetecilere y\u00f6nelik bask\u0131n\u0131n s\u00fcrd\u00fc\u011f\u00fc vurgulan\u0131yor. RSF, \u201cdezenformasyon\u201d, \u201ccumhurba\u015fkan\u0131na hakaret\u201d ve \u201cdevlet kurumlar\u0131n\u0131 karalama\u201d gibi su\u00e7lamalar\u0131n gazetecileri hedef almak i\u00e7in sistematik bi\u00e7imde kullan\u0131ld\u0131\u011f\u0131n\u0131 ifade ediyor.<\/p>\n\n\n\n<p>Ayr\u0131ca incelenen \u00fclkelerin ortalama puan\u0131n\u0131n da son 25 y\u0131l\u0131n en d\u00fc\u015f\u00fck seviyesine indi\u011fine dikkat \u00e7ekiliyor. Raporda, \u00f6zellikle ulusal g\u00fcvenlik politikalar\u0131yla ba\u011flant\u0131l\u0131 olarak giderek sertle\u015fen yasal d\u00fczenlemelerin, 2001\u2019den bu yana demokrasilerde dahi bilgiye eri\u015fim hakk\u0131n\u0131 a\u015f\u0131nd\u0131rd\u0131\u011f\u0131na i\u015faret ediliyor.<\/p>\n\n\n\n<p>Bas\u0131n \u00f6zg\u00fcrl\u00fc\u011f\u00fcn\u00fc \u00f6l\u00e7en be\u015f ana g\u00f6stergeden bu y\u0131l en sert d\u00fc\u015f\u00fc\u015f\u00fcn \u201cyasal \u00e7er\u00e7eve\u201d alan\u0131nda ya\u015fanmas\u0131 ise, gazetecilik faaliyetlerinin giderek daha fazla su\u00e7 kapsam\u0131na al\u0131nmaya ba\u015fland\u0131\u011f\u0131n\u0131 g\u00f6steren \u00f6nemli bir i\u015faret olarak de\u011ferlendiriliyor.<\/p>\n\n\n\n<h4 class=\"wp-block-heading\">Gelece\u011fe Y\u00f6nelik Endi\u015fe<\/h4>\n\n\n\n<p>S\u0131n\u0131r Tan\u0131mayan Gazeteciler\u2019in 25. y\u0131l\u0131n\u0131 geride b\u0131rakan endeksine ili\u015fkin de\u011ferlendirmede bulunan RSF Yay\u0131n Direkt\u00f6r\u00fc Anne Bocande, \u00f6rg\u00fct\u00fcn yaln\u0131zca ge\u00e7mi\u015fi analiz etmekle kalmad\u0131\u011f\u0131n\u0131, ayn\u0131 zamanda gelece\u011fe y\u00f6nelik g\u00fc\u00e7l\u00fc bir uyar\u0131 yapt\u0131\u011f\u0131n\u0131 ifade etti.<\/p>\n\n\n\n<p>Bocande, \u201cGazetecili\u011fin bo\u011fulmas\u0131na, gazetecilere y\u00f6nelik sistematik bask\u0131lara ve bas\u0131n \u00f6zg\u00fcrl\u00fc\u011f\u00fcn\u00fcn s\u00fcrekli gerilemesine daha ne kadar g\u00f6z yumulacak?\u201d diyerek mevcut tabloya tepki g\u00f6sterdi.<\/p>\n\n\n\n<p>Bilgi edinme hakk\u0131na y\u00f6nelik tehditlerin giderek \u00e7e\u015fitlendi\u011fini ve daha karma\u015f\u0131k hale geldi\u011fini vurgulayan Bocande, bu sald\u0131r\u0131lar\u0131n sorumlular\u0131n\u0131n art\u0131k gizlenme ihtiyac\u0131 dahi duymad\u0131\u011f\u0131n\u0131 belirtti. Otoriter y\u00f6netimler, g\u00f6revini yerine getirmeyen ya da s\u00fcrece ortak olan siyasi akt\u00f6rler, \u00e7\u0131kar odakl\u0131 ekonomik \u00e7evreler ve denetimsiz dijital platformlar\u0131n bu s\u00fcre\u00e7te \u201cdo\u011frudan ve a\u011f\u0131r bir sorumluluk\u201d ta\u015f\u0131d\u0131\u011f\u0131n\u0131 s\u00f6yledi.<\/p>\n\n\n\n<p>\u201cPasif kalmak bir t\u00fcr onayd\u0131r\u201d diyen Bocande, yaln\u0131zca ilkesel duru\u015f sergilemenin yeterli olmad\u0131\u011f\u0131n\u0131, aktif koruma mekanizmalar\u0131n\u0131n devreye al\u0131nmas\u0131 gerekti\u011fini dile getirdi.<\/p>\n\n\n\n<p>RSF\u2019ye g\u00f6re \u00e7\u00f6z\u00fcm s\u00fcreci, gazetecili\u011fin su\u00e7 gibi g\u00f6sterilmesine son verilmesiyle ba\u015flamal\u0131. Kurum, ulusal g\u00fcvenlik yasalar\u0131n\u0131n k\u00f6t\u00fcye kullan\u0131m\u0131, susturma amac\u0131 ta\u015f\u0131yan davalar ve ara\u015ft\u0131rmac\u0131 gazetecilere y\u00f6nelik sistematik bask\u0131lar konusunda uyar\u0131da bulundu.<\/p>\n\n\n\n<p>Bocande ayr\u0131ca mevcut koruma mekanizmalar\u0131n\u0131n yetersiz kald\u0131\u011f\u0131n\u0131, uluslararas\u0131 hukukun zay\u0131flad\u0131\u011f\u0131n\u0131 ve cezas\u0131zl\u0131k k\u00fclt\u00fcr\u00fcn\u00fcn yayg\u0131nla\u015ft\u0131\u011f\u0131n\u0131 belirterek, daha g\u00fc\u00e7l\u00fc g\u00fcvenceler ve somut yapt\u0131r\u0131mlar\u0131n hayata ge\u00e7irilmesi gerekti\u011fini vurgulad\u0131.<\/p>\n\n\n\n<p>Son olarak, sorumlulu\u011fun demokrasilere ve vatanda\u015flara ait oldu\u011funu belirten RSF yetkilisi, sessizli\u011fi dayatan yap\u0131lara kar\u015f\u0131 durman\u0131n zorunlulu\u011funa dikkat \u00e7ekerek, otoriterli\u011fin yay\u0131lmas\u0131n\u0131n ka\u00e7\u0131n\u0131lmaz olmad\u0131\u011f\u0131n\u0131 ifade etti.<\/p>\n\n\n\n<h4 class=\"wp-block-heading\">D\u00fcnyada Son Durum<\/h4>\n\n\n\n<p>S\u0131n\u0131r Tan\u0131mayan Gazeteciler verilerine g\u00f6re k\u00fcresel s\u0131ralamada ABD, ge\u00e7en y\u0131la k\u0131yasla yedi basamak geriledi.<\/p>\n\n\n\n<p>Endekste listenin zirvesinde Norve\u00e7 yer al\u0131rken, Hollanda ve Estonya \u00fcst s\u0131ralardaki yerlerini korudu. Avrupa\u2019n\u0131n \u00f6nde gelen \u00fclkelerinden \u0130ngiltere 18\u2019inci, Fransa ise 25\u2019inci s\u0131rada konumland\u0131.<\/p>\n\n\n\n<p>Toplam 180 \u00fclkenin de\u011ferlendirildi\u011fi listede bas\u0131n \u00f6zg\u00fcrl\u00fc\u011f\u00fc a\u00e7\u0131s\u0131ndan en k\u00f6t\u00fc performans\u0131 Eritre g\u00f6sterdi. Bu \u00fclkeyi Kuzey Kore, \u00c7in, \u0130ran ve Suudi Arabistan izledi.<\/p>\n\n\n\n<p>\u00d6te yandan en dikkat \u00e7ekici y\u00fckseli\u015f Suriye\u2019de kaydedildi. \u00dclke, bir \u00f6nceki y\u0131la g\u00f6re 177\u2019ncilikten 141\u2019inci s\u0131raya \u00e7\u0131karak \u00f6nemli bir s\u0131\u00e7rama yapt\u0131.<\/p>\n\n\n\n<p>Yakla\u015f\u0131k 25 y\u0131ld\u0131r haz\u0131rlanan RSF endeksi, 2025\u2019i bas\u0131n \u00f6zg\u00fcrl\u00fc\u011f\u00fc a\u00e7\u0131s\u0131ndan \u015fimdiye kadarki en k\u00f6t\u00fc y\u0131l olarak kayda ge\u00e7irdi.<\/p>\n\n\n\n<p>Raporun edit\u00f6r\u00fc Anne Bocand\u00e9, gazetecilerin korunmas\u0131na y\u00f6nelik etkili mekanizmalar\u0131n hayati \u00f6nem ta\u015f\u0131d\u0131\u011f\u0131n\u0131 vurgulayarak, bunun ilk ad\u0131m\u0131n\u0131n gazetecili\u011fin su\u00e7 kapsam\u0131na al\u0131nmas\u0131na son verilmesi oldu\u011funu ifade etti.<\/p>\n\n\n\n<h4 class=\"wp-block-heading\">Rapordan Dikkat \u00c7eken 5 Sonu\u00e7<\/h4>\n\n\n\n<ul class=\"wp-block-list\">\n<li>D\u00fcnyadaki t\u00fcm \u00fclkelerin ortalama puan\u0131 hi\u00e7 bu kadar d\u00fc\u015f\u00fck olmam\u0131\u015ft\u0131. 180 \u00fclkenin yar\u0131s\u0131ndan fazlas\u0131 (%52,2), endeksin 25 y\u0131ll\u0131k tarihinde ilk kez \u201czor\u201d veya \u201cciddi\u201d bir durumda bulunuyor.<\/li>\n\n\n\n<li>D\u00fcnya genelinde bas\u0131n \u00f6zg\u00fcrl\u00fc\u011f\u00fcn\u00fcn durumunu \u00f6l\u00e7meye yarayan be\u015f g\u00f6stergeden (ekonomik, hukuki, g\u00fcvenlik, siyasi, sosyal) bu y\u0131l en fazla d\u00fc\u015f\u00fc\u015f g\u00f6steren, hukuki \u00e7er\u00e7eve oldu. Bu gazetecili\u011fin hukuki olarak daha fazla bask\u0131 alt\u0131na girdi\u011fini g\u00f6steriyor.<\/li>\n\n\n\n<li>ABD yedi s\u0131ra gerileyip 64. s\u0131raya d\u00fc\u015ferken, gazetecilere y\u00f6nelik \u015fiddetin yo\u011fun oldu\u011fu Ekvador ve Peru gibi di\u011fer Amerika \u00fclkeleri de s\u0131ralamada b\u00fcy\u00fck d\u00fc\u015f\u00fc\u015f ya\u015fad\u0131.<\/li>\n\n\n\n<li>Norve\u00e7 \u00fcst \u00fcste 10. y\u0131l s\u0131ralaman\u0131n ba\u015f\u0131nda yer al\u0131rken, Eritre ise son \u00fc\u00e7 y\u0131ld\u0131r s\u0131ralaman\u0131n en alt\u0131nda bulunuyor.<\/li>\n\n\n\n<li>Be\u015far Esad sonras\u0131 Suriye 2026 y\u0131l\u0131nda s\u0131ralamada en b\u00fcy\u00fck s\u0131\u00e7ramay\u0131 kaydetti. 36 s\u0131ra y\u00fckselerek 141. s\u0131raya \u00e7\u0131kt\u0131.<\/li>\n<\/ul>\n\n\n\n<h4 class=\"wp-block-heading\">T\u00fcrkiye\u2019ye Dair Bulgular<\/h4>\n\n\n\n<p>T\u00fcrkiye, genel s\u0131ralamada ge\u00e7en y\u0131la g\u00f6re d\u00f6rt basamak gerileyerek 163\u2019\u00fcnc\u00fc s\u0131raya d\u00fc\u015ft\u00fc. Listede T\u00fcrkiye\u2019nin \u00fcst\u00fcnde Irak, alt\u0131nda ise Yemen bulunuyor.<\/p>\n\n\n\n<p>\u00dclke, be\u015f g\u00f6sterge aras\u0131nda en d\u00fc\u015f\u00fck performans\u0131 ekonomik alanda g\u00f6sterdi ve bu kategoride 180 \u00fclke i\u00e7inde 166\u2019nc\u0131 s\u0131rada yer ald\u0131. Bu g\u00f6stergede; kamu politikalar\u0131, reklam verenler ve ticari ortaklar gibi devlet d\u0131\u015f\u0131 akt\u00f6rlerin etkisi ile medya sahipli\u011fi yap\u0131s\u0131n\u0131n yaratt\u0131\u011f\u0131 ekonomik bask\u0131lar dikkate al\u0131n\u0131yor.<\/p>\n\n\n\n<p>Hukuki g\u00f6stergede de T\u00fcrkiye bir s\u0131ra gerileyerek 159\u2019uncu s\u0131raya indi. Raporda, \u00fclkede otoriter e\u011filimlerin g\u00fc\u00e7lendi\u011fi ve medya \u00e7o\u011fulculu\u011funun giderek daha fazla tart\u0131\u015fmal\u0131 hale geldi\u011fi ifade ediliyor.<\/p>\n\n\n\n<p>RSF ayr\u0131ca, ele\u015ftirel sesleri zay\u0131flatmak i\u00e7in farkl\u0131 ara\u00e7lar\u0131n devreye sokuldu\u011funu belirtirken, 1 Ocak 2026\u2019dan bu yana \u00fc\u00e7 gazetecinin g\u00f6zalt\u0131na al\u0131nd\u0131\u011f\u0131 ya da tutukland\u0131\u011f\u0131n\u0131 da hat\u0131rlat\u0131yor.<\/p>\n\n\n\n<p>Kom\u015fu Haber:<a href=\"https:\/\/gundengunenews.com\/2026\/04\/30\/basin-ozgurlugu-25-yilin-en-dusuk-seviyesinde-turkiye-163-sirada\/\">https:\/\/gundengunenews.com\/2026\/04\/30\/basin-ozgurlugu-25-yilin-en-dusuk-seviyesinde-turkiye-163-sirada\/<\/a><\/p>\n\n\n\n<p><strong>30.04.2026 15.41<\/strong><\/p>\n\n\n\n<p><strong>Kaynak:&nbsp;<\/strong><a href=\"https:\/\/gazeteoksijen.com\/turkiye\/dunyada-basin-ozgurlugu-son-25-yilin-en-dusuk-seviyesinde-turkiye-180-ulke-arasinda-163-sirada-273935\">https:\/\/gazeteoksijen.com\/turkiye\/dunyada-basin-ozgurlugu-son-25-yilin-en-dusuk-seviyesinde-turkiye-180-ulke-arasinda-163-sirada-273935<\/a><\/p>\n\n\n\n<p><strong>G\u00f6rsel:<\/strong>&nbsp;<a href=\"https:\/\/i.gazeteoksijen.com\/2\/850\/478\/storage\/files\/images\/2026\/04\/30\/dunyada-basin-ozgurlugu-son-25-yilin-en-dusuk-seviyesinde-turkiye-180-ulke-arasinda-163-sirada-kpqi.jpg\">https:\/\/i.gazeteoksijen.com\/2\/850\/478\/storage\/files\/images\/2026\/04\/30\/dunyada-basin-ozgurlugu-son-25-yilin-en-dusuk-seviyesinde-turkiye-180-ulke-arasinda-163-sirada-kpqi.jpg<\/a><\/p>\n","protected":false},"excerpt":{"rendered":"<p>RSF verilerine g\u00f6re, endeks tarihinde ilk kez \u00fclkelerin yar\u0131s\u0131ndan fazlas\u0131 bas\u0131n \u00f6zg\u00fcrl\u00fc\u011f\u00fc a\u00e7\u0131s\u0131ndan olumsuz kategorilerde yer ald\u0131. S\u0131n\u0131r Tan\u0131mayan Gazeteciler\u2019in (RSF) 2026 y\u0131l\u0131na ili\u015fkin raporu, k\u00fcresel bas\u0131n \u00f6zg\u00fcrl\u00fc\u011f\u00fcn\u00fcn son 25 y\u0131l\u0131n en d\u00fc\u015f\u00fck d\u00fczeyine geriledi\u011fini ortaya koydu. Endekste ilk kez d\u00fcnya \u00fclkelerinin yar\u0131dan fazlas\u0131 \u201czor\u201d ya da \u201cciddi\/\u00e7ok ciddi\u201d kategorisinde yer al\u0131rken, T\u00fcrkiye d\u00f6rt basamak&#8230;<\/p>\n","protected":false},"author":3,"featured_media":7730,"comment_status":"open","ping_status":"open","sticky":false,"template":"","format":"standard","meta":{"_jetpack_memberships_contains_paid_content":false,"footnotes":""},"categories":[3],"tags":[314],"class_list":["post-7729","post","type-post","status-publish","format-standard","has-post-thumbnail","hentry","category-dunya","tag-dunya-2"],"jetpack_featured_media_url":"https:\/\/dbsnewsmedia.com\/wp-content\/uploads\/2026\/04\/dunyada-basin-ozgurlugu-son-25-yilin-en-dusuk-seviyesinde-turkiye-180-ulke-arasinda-163-sirada-kpqi.jpg","jetpack_sharing_enabled":true,"_links":{"self":[{"href":"https:\/\/dbsnewsmedia.com\/index.php?rest_route=\/wp\/v2\/posts\/7729","targetHints":{"allow":["GET"]}}],"collection":[{"href":"https:\/\/dbsnewsmedia.com\/index.php?rest_route=\/wp\/v2\/posts"}],"about":[{"href":"https:\/\/dbsnewsmedia.com\/index.php?rest_route=\/wp\/v2\/types\/post"}],"author":[{"embeddable":true,"href":"https:\/\/dbsnewsmedia.com\/index.php?rest_route=\/wp\/v2\/users\/3"}],"replies":[{"embeddable":true,"href":"https:\/\/dbsnewsmedia.com\/index.php?rest_route=%2Fwp%2Fv2%2Fcomments&post=7729"}],"version-history":[{"count":1,"href":"https:\/\/dbsnewsmedia.com\/index.php?rest_route=\/wp\/v2\/posts\/7729\/revisions"}],"predecessor-version":[{"id":7731,"href":"https:\/\/dbsnewsmedia.com\/index.php?rest_route=\/wp\/v2\/posts\/7729\/revisions\/7731"}],"wp:featuredmedia":[{"embeddable":true,"href":"https:\/\/dbsnewsmedia.com\/index.php?rest_route=\/wp\/v2\/media\/7730"}],"wp:attachment":[{"href":"https:\/\/dbsnewsmedia.com\/index.php?rest_route=%2Fwp%2Fv2%2Fmedia&parent=7729"}],"wp:term":[{"taxonomy":"category","embeddable":true,"href":"https:\/\/dbsnewsmedia.com\/index.php?rest_route=%2Fwp%2Fv2%2Fcategories&post=7729"},{"taxonomy":"post_tag","embeddable":true,"href":"https:\/\/dbsnewsmedia.com\/index.php?rest_route=%2Fwp%2Fv2%2Ftags&post=7729"}],"curies":[{"name":"wp","href":"https:\/\/api.w.org\/{rel}","templated":true}]}}