{"id":7742,"date":"2026-04-30T21:46:48","date_gmt":"2026-04-30T18:46:48","guid":{"rendered":"https:\/\/dbsnewsmedia.com\/?p=7742"},"modified":"2026-04-30T21:46:48","modified_gmt":"2026-04-30T18:46:48","slug":"derbide-oyun-disi-kalmisti-edersonun-alacagi-ceza-belli-oldu","status":"publish","type":"post","link":"https:\/\/dbsnewsmedia.com\/?p=7742","title":{"rendered":"Derbide oyun d\u0131\u015f\u0131 kalm\u0131\u015ft\u0131: Ederson\u2019un alaca\u011f\u0131 ceza belli oldu"},"content":{"rendered":"\n<p><strong>T\u00fcrkiye Futbol Federasyonu (TFF) Profesyonel Futbol Disiplin Kurulu (PFDK), Galatasaray derbisinde k\u0131rm\u0131z\u0131 kart g\u00f6ren Fenerbah\u00e7e&#8217;nin Brezilyal\u0131 kalecisi Ederson&#8217;un cezas\u0131n\u0131 duyurdu.<\/strong><\/p>\n\n\n\n<p><strong>Fenerbah\u00e7e<\/strong>&#8216;nin Brezilyal\u0131 kalecisi&nbsp;<strong>Ederson<\/strong>, Trendyol S\u00fcper Lig&#8217;in 31. haftas\u0131nda oynanan Galatasaray derbisinde k\u0131rm\u0131z\u0131 kart g\u00f6rm\u00fc\u015f ve PFDK&#8217;ye sevk edilmi\u015fti.<\/p>\n\n\n\n<p>PFDK, tecr\u00fcbeli kaleciye verilen cezay\u0131 a\u00e7\u0131klad\u0131.<\/p>\n\n\n\n<figure class=\"wp-block-image\"><img decoding=\"async\" src=\"https:\/\/media.cumhuriyet.com.tr\/Archive\/24647ae9-69e9-4ca9-81fe-804529064315.jpg\" alt=\"Image\"\/><\/figure>\n\n\n\n<h3 class=\"wp-block-heading\">EDERSON&#8217;UN CEZASI BELL\u0130 OLDU<\/h3>\n\n\n\n<p>Disiplin kurulunun a\u00e7\u0131klamas\u0131na g\u00f6re Ederson 3 ma\u00e7 men cezas\u0131 ald\u0131. Derbide \u00e7ift sar\u0131 karttan k\u0131rm\u0131z\u0131 kart g\u00f6rerek 1 ma\u00e7 daha cezal\u0131 duruma d\u00fc\u015fen Ederson, \u00f6n\u00fcm\u00fczdeki 4 resmi m\u00fcsabakada g\u00f6rev yapamayacak<\/p>\n\n\n\n<p><strong>PFDK&#8217;nin a\u00e7\u0131klamas\u0131 \u015fu \u015fekilde:<\/strong><\/p>\n\n\n\n<p>&#8220;FENERBAH\u00c7E A.\u015e. sporcusu EDERSON SANTANA DE MORAES\u2019in, ihra\u00e7 sonras\u0131 m\u00fcsabaka hakemine y\u00f6nelik hakareti nedeniyle FDT\u2019nin 41\/1-a ve 35\/4. maddeleri uyar\u0131nca ve \u00e7ift sar\u0131 kart g\u00f6rmesi nedeniyle yer almamas\u0131 gereken m\u00fcsabaka d\u0131\u015f\u0131nda ayr\u0131ca 3 RESM\u0130 M\u00dcSABAKADAN MEN ve 80.000.-TL PARA CEZASI ile cezaland\u0131r\u0131lmas\u0131na,<\/p>\n\n\n\n<p>Ayn\u0131 m\u00fcsabakada FENERBAH\u00c7E A.\u015e. sporcusu EDERSON SANTANA DE MORAES\u2019in, ihra\u00e7 sonras\u0131 sportmenli\u011fe ayk\u0131r\u0131 hareketi nedeniyle FDT\u2019nin 36\/2. ve 35\/4. maddeleri uyar\u0131nca 400.000.-TL PARA CEZASI ile cezaland\u0131r\u0131lmas\u0131na karar verilmi\u015ftir.&#8221;<\/p>\n\n\n\n<p><strong>EDERSON HANG\u0130 MA\u00c7LARDA OYNAMAYACAK?<\/strong><\/p>\n\n\n\n<p>Toplamda 4 ma\u00e7 men cezas\u0131 alan Ederson, S\u00fcper Lig&#8217;in kalan haftalar\u0131nda forma giyemeyecek.<\/p>\n\n\n\n<p><strong>Fenerbah\u00e7e&#8217;nin S\u00fcper Lig&#8217;de kalan ma\u00e7lar\u0131 \u015fu \u015fekilde:<\/strong><\/p>\n\n\n\n<p>S\u00fcper Lig 32. Hafta: Ba\u015fak\u015fehir<\/p>\n\n\n\n<p>S\u00fcper Lig 33. Hafta: Konyaspor (d)<\/p>\n\n\n\n<p>S\u00fcper Lig 34. Hafta: Ey\u00fcpspor<\/p>\n\n\n\n<p><\/p>\n\n\n\n<p>30.04.2026 21:46<\/p>\n\n\n\n<p>Kaynak: <a href=\"https:\/\/www.cumhuriyet.com.tr\/spor\/derbide-kirmizi-kart-gormustu-fenerbahceli-ederson-un-cezasi-belli-oldu-2499969\">https:\/\/www.cumhuriyet.com.tr\/spor\/derbide-kirmizi-kart-gormustu-fenerbahceli-ederson-un-cezasi-belli-oldu-2499969<\/a><strong><br><\/strong><br><\/p>\n","protected":false},"excerpt":{"rendered":"<p>T\u00fcrkiye Futbol Federasyonu (TFF) Profesyonel Futbol Disiplin Kurulu (PFDK), Galatasaray derbisinde k\u0131rm\u0131z\u0131 kart g\u00f6ren Fenerbah\u00e7e&#8217;nin Brezilyal\u0131 kalecisi Ederson&#8217;un cezas\u0131n\u0131 duyurdu. Fenerbah\u00e7e&#8216;nin Brezilyal\u0131 kalecisi&nbsp;Ederson, Trendyol S\u00fcper Lig&#8217;in 31. haftas\u0131nda oynanan Galatasaray derbisinde k\u0131rm\u0131z\u0131 kart g\u00f6rm\u00fc\u015f ve PFDK&#8217;ye sevk edilmi\u015fti. PFDK, tecr\u00fcbeli kaleciye verilen cezay\u0131 a\u00e7\u0131klad\u0131. EDERSON&#8217;UN CEZASI BELL\u0130 OLDU Disiplin kurulunun a\u00e7\u0131klamas\u0131na g\u00f6re Ederson 3 ma\u00e7&#8230;<\/p>\n","protected":false},"author":2,"featured_media":7743,"comment_status":"open","ping_status":"open","sticky":false,"template":"","format":"standard","meta":{"_jetpack_memberships_contains_paid_content":false,"footnotes":""},"categories":[8],"tags":[2375],"class_list":["post-7742","post","type-post","status-publish","format-standard","has-post-thumbnail","hentry","category-spor","tag-ederson"],"jetpack_featured_media_url":"https:\/\/dbsnewsmedia.com\/wp-content\/uploads\/2026\/04\/9811aaa7-257a-4d79-9bb1-853fd737325c.webp","jetpack_sharing_enabled":true,"_links":{"self":[{"href":"https:\/\/dbsnewsmedia.com\/index.php?rest_route=\/wp\/v2\/posts\/7742","targetHints":{"allow":["GET"]}}],"collection":[{"href":"https:\/\/dbsnewsmedia.com\/index.php?rest_route=\/wp\/v2\/posts"}],"about":[{"href":"https:\/\/dbsnewsmedia.com\/index.php?rest_route=\/wp\/v2\/types\/post"}],"author":[{"embeddable":true,"href":"https:\/\/dbsnewsmedia.com\/index.php?rest_route=\/wp\/v2\/users\/2"}],"replies":[{"embeddable":true,"href":"https:\/\/dbsnewsmedia.com\/index.php?rest_route=%2Fwp%2Fv2%2Fcomments&post=7742"}],"version-history":[{"count":1,"href":"https:\/\/dbsnewsmedia.com\/index.php?rest_route=\/wp\/v2\/posts\/7742\/revisions"}],"predecessor-version":[{"id":7744,"href":"https:\/\/dbsnewsmedia.com\/index.php?rest_route=\/wp\/v2\/posts\/7742\/revisions\/7744"}],"wp:featuredmedia":[{"embeddable":true,"href":"https:\/\/dbsnewsmedia.com\/index.php?rest_route=\/wp\/v2\/media\/7743"}],"wp:attachment":[{"href":"https:\/\/dbsnewsmedia.com\/index.php?rest_route=%2Fwp%2Fv2%2Fmedia&parent=7742"}],"wp:term":[{"taxonomy":"category","embeddable":true,"href":"https:\/\/dbsnewsmedia.com\/index.php?rest_route=%2Fwp%2Fv2%2Fcategories&post=7742"},{"taxonomy":"post_tag","embeddable":true,"href":"https:\/\/dbsnewsmedia.com\/index.php?rest_route=%2Fwp%2Fv2%2Ftags&post=7742"}],"curies":[{"name":"wp","href":"https:\/\/api.w.org\/{rel}","templated":true}]}}