{"id":7745,"date":"2026-04-30T21:50:15","date_gmt":"2026-04-30T18:50:15","guid":{"rendered":"https:\/\/dbsnewsmedia.com\/?p=7745"},"modified":"2026-04-30T21:50:15","modified_gmt":"2026-04-30T18:50:15","slug":"super-ligde-32-haftanin-hakem-kadrosu-aciklandi","status":"publish","type":"post","link":"https:\/\/dbsnewsmedia.com\/?p=7745","title":{"rendered":"S\u00fcper Lig\u2019de 32. haftan\u0131n hakem kadrosu a\u00e7\u0131kland\u0131"},"content":{"rendered":"\n<p><strong>Trendyol S\u00fcper Lig&#8217;de 32. haftan\u0131n ma\u00e7lar\u0131nda d\u00fcd\u00fck \u00e7alacak hakemler a\u00e7\u0131kland\u0131.<\/strong><\/p>\n\n\n\n<p>Trendyol S\u00fcper Lig&#8217;de 32. haftan\u0131n hakemleri a\u00e7\u0131kland\u0131.&nbsp;<\/p>\n\n\n\n<p>Samsunspor&#8217;un ev sahipli\u011finde oynanacak ve Galatasaray&#8217;\u0131n kazanmas\u0131 halinde \u015fampiyonlu\u011funu ilan edece\u011fi m\u00fcsabakada Re\u015fat Onur Co\u015fkunses d\u00fcd\u00fck \u00e7alacak.<\/p>\n\n\n\n<p>Ge\u00e7en hafta Galatasaray &#8211; Fenerbah\u00e7e derbisini y\u00f6neten Yasin Kol, bu hafta Kas\u0131mpa\u015fa &#8211; Kocaelispor ma\u00e7\u0131n\u0131 y\u00f6netecek.&nbsp;<\/p>\n\n\n\n<p><strong>S\u00fcper Lig&#8217;de 32. hafta ma\u00e7lar\u0131nda d\u00fcd\u00fck \u00e7alacak hakemler \u015fu \u015fekilde:&nbsp;<\/strong><\/p>\n\n\n\n<figure class=\"wp-block-image\"><img loading=\"lazy\" decoding=\"async\" width=\"930\" height=\"1161\" src=\"https:\/\/dbsnewsmedia.com\/wp-content\/uploads\/2026\/04\/83a2d5fa-7109-470d-afe7-165d2d29c58e.png\" alt=\"Image\" class=\"wp-image-7747\" srcset=\"https:\/\/dbsnewsmedia.com\/wp-content\/uploads\/2026\/04\/83a2d5fa-7109-470d-afe7-165d2d29c58e.png 930w, https:\/\/dbsnewsmedia.com\/wp-content\/uploads\/2026\/04\/83a2d5fa-7109-470d-afe7-165d2d29c58e-240x300.png 240w, https:\/\/dbsnewsmedia.com\/wp-content\/uploads\/2026\/04\/83a2d5fa-7109-470d-afe7-165d2d29c58e-820x1024.png 820w, https:\/\/dbsnewsmedia.com\/wp-content\/uploads\/2026\/04\/83a2d5fa-7109-470d-afe7-165d2d29c58e-768x959.png 768w\" sizes=\"auto, (max-width: 930px) 100vw, 930px\" \/><\/figure>\n\n\n\n<p><a href=\"https:\/\/www.mediamarkt.com.tr\/tr\/campaign\/anneler-gunu-hediyesi\" target=\"_blank\" rel=\"noreferrer noopener\"><\/a><\/p>\n\n\n\n<p>30.04.2026 21:50<\/p>\n\n\n\n<p>Kaynak: <a href=\"https:\/\/www.cumhuriyet.com.tr\/spor\/super-lig-in-32-haftasinda-duduk-calacak-hakemler-belli-oldu-2499820\">https:\/\/www.cumhuriyet.com.tr\/spor\/super-lig-in-32-haftasinda-duduk-calacak-hakemler-belli-oldu-2499820<\/a><strong><br><\/strong><br><\/p>\n","protected":false},"excerpt":{"rendered":"<p>Trendyol S\u00fcper Lig&#8217;de 32. haftan\u0131n ma\u00e7lar\u0131nda d\u00fcd\u00fck \u00e7alacak hakemler a\u00e7\u0131kland\u0131. Trendyol S\u00fcper Lig&#8217;de 32. haftan\u0131n hakemleri a\u00e7\u0131kland\u0131.&nbsp; Samsunspor&#8217;un ev sahipli\u011finde oynanacak ve Galatasaray&#8217;\u0131n kazanmas\u0131 halinde \u015fampiyonlu\u011funu ilan edece\u011fi m\u00fcsabakada Re\u015fat Onur Co\u015fkunses d\u00fcd\u00fck \u00e7alacak. Ge\u00e7en hafta Galatasaray &#8211; Fenerbah\u00e7e derbisini y\u00f6neten Yasin Kol, bu hafta Kas\u0131mpa\u015fa &#8211; Kocaelispor ma\u00e7\u0131n\u0131 y\u00f6netecek.&nbsp; S\u00fcper Lig&#8217;de 32. hafta ma\u00e7lar\u0131nda&#8230;<\/p>\n","protected":false},"author":2,"featured_media":7746,"comment_status":"open","ping_status":"open","sticky":false,"template":"","format":"standard","meta":{"_jetpack_memberships_contains_paid_content":false,"footnotes":""},"categories":[8],"tags":[2007,2376,250,96],"class_list":["post-7745","post","type-post","status-publish","format-standard","has-post-thumbnail","hentry","category-spor","tag-hakem","tag-mhk","tag-tff","tag-trendyol-super-lig"],"jetpack_featured_media_url":"https:\/\/dbsnewsmedia.com\/wp-content\/uploads\/2026\/04\/eccd345b-5690-4459-b4c6-e617367fb6af-2.webp","jetpack_sharing_enabled":true,"_links":{"self":[{"href":"https:\/\/dbsnewsmedia.com\/index.php?rest_route=\/wp\/v2\/posts\/7745","targetHints":{"allow":["GET"]}}],"collection":[{"href":"https:\/\/dbsnewsmedia.com\/index.php?rest_route=\/wp\/v2\/posts"}],"about":[{"href":"https:\/\/dbsnewsmedia.com\/index.php?rest_route=\/wp\/v2\/types\/post"}],"author":[{"embeddable":true,"href":"https:\/\/dbsnewsmedia.com\/index.php?rest_route=\/wp\/v2\/users\/2"}],"replies":[{"embeddable":true,"href":"https:\/\/dbsnewsmedia.com\/index.php?rest_route=%2Fwp%2Fv2%2Fcomments&post=7745"}],"version-history":[{"count":1,"href":"https:\/\/dbsnewsmedia.com\/index.php?rest_route=\/wp\/v2\/posts\/7745\/revisions"}],"predecessor-version":[{"id":7748,"href":"https:\/\/dbsnewsmedia.com\/index.php?rest_route=\/wp\/v2\/posts\/7745\/revisions\/7748"}],"wp:featuredmedia":[{"embeddable":true,"href":"https:\/\/dbsnewsmedia.com\/index.php?rest_route=\/wp\/v2\/media\/7746"}],"wp:attachment":[{"href":"https:\/\/dbsnewsmedia.com\/index.php?rest_route=%2Fwp%2Fv2%2Fmedia&parent=7745"}],"wp:term":[{"taxonomy":"category","embeddable":true,"href":"https:\/\/dbsnewsmedia.com\/index.php?rest_route=%2Fwp%2Fv2%2Fcategories&post=7745"},{"taxonomy":"post_tag","embeddable":true,"href":"https:\/\/dbsnewsmedia.com\/index.php?rest_route=%2Fwp%2Fv2%2Ftags&post=7745"}],"curies":[{"name":"wp","href":"https:\/\/api.w.org\/{rel}","templated":true}]}}