{"id":7749,"date":"2026-04-30T21:53:19","date_gmt":"2026-04-30T18:53:19","guid":{"rendered":"https:\/\/dbsnewsmedia.com\/?p=7749"},"modified":"2026-04-30T21:53:19","modified_gmt":"2026-04-30T18:53:19","slug":"madridde-dugum-cozulmedi-final-yolunda-karar-londrada-verilecek","status":"publish","type":"post","link":"https:\/\/dbsnewsmedia.com\/?p=7749","title":{"rendered":"Madrid\u2019de d\u00fc\u011f\u00fcm \u00e7\u00f6z\u00fclmedi: final yolunda karar Londra\u2019da verilecek"},"content":{"rendered":"\n<p><strong><em>Atletico Madrid, UEFA \u015eampiyonlar Ligi yar\u0131 final ilk ma\u00e7\u0131nda kendi sahas\u0131nda a\u011f\u0131rlad\u0131\u011f\u0131 Arsenal ile 1-1 berabere kald\u0131.<\/em><\/strong><\/p>\n\n\n\n<p>UEFA \u015eampiyonlar Ligi yar\u0131 final ilk ma\u00e7\u0131nda \u0130spanya ekibi&nbsp;<strong>Atletico Madrid<\/strong>&nbsp;ile \u0130ngiltere temsilcisi&nbsp;<strong>Arsenal<\/strong>, 1-1 berabere kald\u0131.<\/p>\n\n\n\n<p>Avrupa futbolunun kul\u00fcp d\u00fczeyindeki bir numaral\u0131 turnuvas\u0131n\u0131n yar\u0131 final ilk ma\u00e7\u0131nda Atletico Madrid, Metropolitano Stad\u0131\u2019nda Arsenal\u2019\u0131 a\u011f\u0131rlad\u0131.<\/p>\n\n\n\n<p>Arsenal, 44. dakikada&nbsp;<strong>Viktor Gy\u00f6keres<\/strong>\u2018in penalt\u0131dan att\u0131\u011f\u0131 golle ilk devreyi 1-0 \u00f6nde tamamlad\u0131.<\/p>\n\n\n\n<figure class=\"wp-block-image\"><img loading=\"lazy\" decoding=\"async\" width=\"1280\" height=\"720\" src=\"https:\/\/dbsnewsmedia.com\/wp-content\/uploads\/2026\/04\/d7b49736-624b-4b02-bea0-743db3b0d945.jpg\" alt=\"Image\" class=\"wp-image-7751\" srcset=\"https:\/\/dbsnewsmedia.com\/wp-content\/uploads\/2026\/04\/d7b49736-624b-4b02-bea0-743db3b0d945.jpg 1280w, https:\/\/dbsnewsmedia.com\/wp-content\/uploads\/2026\/04\/d7b49736-624b-4b02-bea0-743db3b0d945-300x169.jpg 300w, https:\/\/dbsnewsmedia.com\/wp-content\/uploads\/2026\/04\/d7b49736-624b-4b02-bea0-743db3b0d945-1024x576.jpg 1024w, https:\/\/dbsnewsmedia.com\/wp-content\/uploads\/2026\/04\/d7b49736-624b-4b02-bea0-743db3b0d945-768x432.jpg 768w\" sizes=\"auto, (max-width: 1280px) 100vw, 1280px\" \/><\/figure>\n\n\n\n<h3 class=\"wp-block-heading\">ALVAREZ TAR\u0130HE GE\u00c7T\u0130<\/h3>\n\n\n\n<p>Ev sahibi ekip, rakibine 56. dakikada&nbsp;<strong>Julian Alvarez<\/strong>\u2018in penalt\u0131dan buldu\u011fu golle cevap verdi ve m\u00fccadele 1-1\u2019lik e\u015fitlikle sona erdi.<\/p>\n\n\n\n<p>Alvarez, \u015eampiyonlar Ligi\u2019nde 25 gole en h\u0131zl\u0131 ula\u015fan Arjantinli futbolcu oldu. S\u00f6z konusu gol say\u0131s\u0131na 41 kar\u015f\u0131la\u015fmada ula\u015fan Alvarez, Lionel Messi\u2019nin 42 ma\u00e7l\u0131k rekorunu geride b\u0131rakt\u0131.<\/p>\n\n\n\n<p>Kar\u015f\u0131la\u015fman\u0131n r\u00f6van\u015f\u0131, 5 May\u0131s Sal\u0131 g\u00fcn\u00fc \u0130ngiltere\u2019de oynanacak.<\/p>\n\n\n\n<p>30.04.2026 21:53<\/p>\n\n\n\n<p>Karde\u015f Haber Kaynak: <a href=\"https:\/\/dumendenhaber.com.tr\/2026\/04\/30\/madridde-dugum-cozulmedi-final-yolunda-karar-londrada-verilecek\/\">https:\/\/dumendenhaber.com.tr\/2026\/04\/30\/madridde-dugum-cozulmedi-final-yolunda-karar-londrada-verilecek\/<\/a><\/p>\n","protected":false},"excerpt":{"rendered":"<p>Atletico Madrid, UEFA \u015eampiyonlar Ligi yar\u0131 final ilk ma\u00e7\u0131nda kendi sahas\u0131nda a\u011f\u0131rlad\u0131\u011f\u0131 Arsenal ile 1-1 berabere kald\u0131. UEFA \u015eampiyonlar Ligi yar\u0131 final ilk ma\u00e7\u0131nda \u0130spanya ekibi&nbsp;Atletico Madrid&nbsp;ile \u0130ngiltere temsilcisi&nbsp;Arsenal, 1-1 berabere kald\u0131. Avrupa futbolunun kul\u00fcp d\u00fczeyindeki bir numaral\u0131 turnuvas\u0131n\u0131n yar\u0131 final ilk ma\u00e7\u0131nda Atletico Madrid, Metropolitano Stad\u0131\u2019nda Arsenal\u2019\u0131 a\u011f\u0131rlad\u0131. Arsenal, 44. dakikada&nbsp;Viktor Gy\u00f6keres\u2018in penalt\u0131dan att\u0131\u011f\u0131&#8230;<\/p>\n","protected":false},"author":2,"featured_media":7750,"comment_status":"open","ping_status":"open","sticky":false,"template":"","format":"standard","meta":{"_jetpack_memberships_contains_paid_content":false,"footnotes":""},"categories":[8],"tags":[],"class_list":["post-7749","post","type-post","status-publish","format-standard","has-post-thumbnail","hentry","category-spor"],"jetpack_featured_media_url":"https:\/\/dbsnewsmedia.com\/wp-content\/uploads\/2026\/04\/456c1469-1083-49ba-8756-c9081f7daa5f-1024x576-1.webp","jetpack_sharing_enabled":true,"_links":{"self":[{"href":"https:\/\/dbsnewsmedia.com\/index.php?rest_route=\/wp\/v2\/posts\/7749","targetHints":{"allow":["GET"]}}],"collection":[{"href":"https:\/\/dbsnewsmedia.com\/index.php?rest_route=\/wp\/v2\/posts"}],"about":[{"href":"https:\/\/dbsnewsmedia.com\/index.php?rest_route=\/wp\/v2\/types\/post"}],"author":[{"embeddable":true,"href":"https:\/\/dbsnewsmedia.com\/index.php?rest_route=\/wp\/v2\/users\/2"}],"replies":[{"embeddable":true,"href":"https:\/\/dbsnewsmedia.com\/index.php?rest_route=%2Fwp%2Fv2%2Fcomments&post=7749"}],"version-history":[{"count":1,"href":"https:\/\/dbsnewsmedia.com\/index.php?rest_route=\/wp\/v2\/posts\/7749\/revisions"}],"predecessor-version":[{"id":7752,"href":"https:\/\/dbsnewsmedia.com\/index.php?rest_route=\/wp\/v2\/posts\/7749\/revisions\/7752"}],"wp:featuredmedia":[{"embeddable":true,"href":"https:\/\/dbsnewsmedia.com\/index.php?rest_route=\/wp\/v2\/media\/7750"}],"wp:attachment":[{"href":"https:\/\/dbsnewsmedia.com\/index.php?rest_route=%2Fwp%2Fv2%2Fmedia&parent=7749"}],"wp:term":[{"taxonomy":"category","embeddable":true,"href":"https:\/\/dbsnewsmedia.com\/index.php?rest_route=%2Fwp%2Fv2%2Fcategories&post=7749"},{"taxonomy":"post_tag","embeddable":true,"href":"https:\/\/dbsnewsmedia.com\/index.php?rest_route=%2Fwp%2Fv2%2Ftags&post=7749"}],"curies":[{"name":"wp","href":"https:\/\/api.w.org\/{rel}","templated":true}]}}