{"id":7764,"date":"2026-05-01T19:22:29","date_gmt":"2026-05-01T16:22:29","guid":{"rendered":"https:\/\/dbsnewsmedia.com\/?p=7764"},"modified":"2026-05-01T19:22:29","modified_gmt":"2026-05-01T16:22:29","slug":"bilim-insanlari-alzheimer-icin-beynin-temizlik-ekibini-yeniden-programladi","status":"publish","type":"post","link":"https:\/\/dbsnewsmedia.com\/?p=7764","title":{"rendered":"Bilim \u0130nsanlar\u0131 Alzheimer \u0130\u00e7in Beynin \u201cTemizlik Ekibini\u201d Yeniden Programlad\u0131"},"content":{"rendered":"\n<p class=\"has-medium-font-size\"><strong>Bilim insanlar\u0131, Alzheimer hastal\u0131\u011f\u0131n\u0131n seyrini de\u011fi\u015ftirebilecek dikkat \u00e7ekici bir bulguya ula\u015ft\u0131. Yeni ara\u015ft\u0131rmalara g\u00f6re beyindeki belirli bir proteinin etkisiz hale getirilmesi, savunma h\u00fccrelerini yeniden aktif hale getirerek zararl\u0131 plaklar\u0131n temizlenmesini sa\u011fl\u0131yor. Haf\u0131za kayb\u0131yla ili\u015fkilendirilen toksik birikimlerin azalt\u0131lmas\u0131, Alzheimer tedavisi i\u00e7in umut verici bir ad\u0131m olarak de\u011ferlendiriliyor.<\/strong><\/p>\n\n\n\n<p>Milyonlarca insan\u0131 ve ailelerini etkileyen&nbsp;<strong>Alzheimer<\/strong>&nbsp;hastal\u0131\u011f\u0131na kar\u015f\u0131 y\u00fcr\u00fct\u00fclen \u00e7al\u0131\u015fmalarda, geleneksel y\u00f6ntemlerin d\u0131\u015f\u0131na \u00e7\u0131kan yeni bir tedavi kap\u0131s\u0131 araland\u0131. Sayg\u0131n bilim dergisi&nbsp;<strong>PNAS<\/strong>&#8216;ta yay\u0131mlanan ara\u015ft\u0131rmaya g\u00f6re, beyindeki savunma h\u00fccrelerinin verimlili\u011fini d\u00fc\u015f\u00fcren bir proteinin bloke edilmesi, hastal\u0131\u011f\u0131n en b\u00fcy\u00fck belirtisi olan toksik birikimlerin temizlenmesini sa\u011fl\u0131yor.&nbsp;<strong>Uzmanlar<\/strong>, bu y\u00f6ntemin mevcut ila\u00e7larla birle\u015ftirilerek \u00e7ok daha etkili bir &#8220;kombinasyon tedavisi&#8221; olu\u015fturabilece\u011fini vurguluyor.<\/p>\n\n\n\n<h3 class=\"wp-block-heading\" style=\"font-size:25px\">M\u0130KROGL\u0130YADAN ZEH\u0130RL\u0130 PLAKLARA KAR\u015eI G\u00dc\u00c7L\u00dc SAVUNMA<\/h3>\n\n\n\n<p>Alzheimer hastal\u0131\u011f\u0131n\u0131n temelinde, beyinde biriken&nbsp;<strong>amiloid-\u03b2<\/strong>&nbsp;adl\u0131 protein plaklar\u0131 yat\u0131yor. Bu plaklar sinir h\u00fccreleri aras\u0131ndaki ileti\u015fimi kopararak haf\u0131za kayb\u0131na ve bili\u015fsel gerilemeye yol a\u00e7\u0131yor. Beynin kendi ba\u011f\u0131\u015f\u0131kl\u0131k sistemi olan &#8220;mikrogliya&#8221; h\u00fccreleri normalde bu \u00e7\u00f6pleri temizlemekle g\u00f6revli olsa da, hastal\u0131k ilerledik\u00e7e bu h\u00fccreler &#8220;bitkin&#8221; d\u00fc\u015ferek i\u015flevlerini kaybediyor.<\/p>\n\n\n\n<p>Cold Spring Harbor Laboratuvar\u0131\u2019ndan Profes\u00f6r Nicholas Tonks ve ekibi,&nbsp;<strong>PTP1B<\/strong>&nbsp;ad\u0131 verilen \u00f6zel bir enzimi bask\u0131layarak bu bitkin h\u00fccreleri yeniden canland\u0131rmay\u0131 ba\u015fard\u0131. Fare modelleri \u00fczerinde yap\u0131lan deneyler, proteinin engellenmesiyle birlikte mikrogliyalar\u0131n \u00e7ok daha enerjik bir \u015fekilde toksik plaklar\u0131 temizlemeye ba\u015flad\u0131\u011f\u0131n\u0131 kan\u0131tlad\u0131.<\/p>\n\n\n\n<figure class=\"wp-block-image size-large\"><img loading=\"lazy\" decoding=\"async\" width=\"1024\" height=\"576\" src=\"https:\/\/dbsnewsmedia.com\/wp-content\/uploads\/2026\/05\/image-1024x576.png\" alt=\"\" class=\"wp-image-7771\" srcset=\"https:\/\/dbsnewsmedia.com\/wp-content\/uploads\/2026\/05\/image-1024x576.png 1024w, https:\/\/dbsnewsmedia.com\/wp-content\/uploads\/2026\/05\/image-300x169.png 300w, https:\/\/dbsnewsmedia.com\/wp-content\/uploads\/2026\/05\/image-768x432.png 768w, https:\/\/dbsnewsmedia.com\/wp-content\/uploads\/2026\/05\/image.png 1280w\" sizes=\"auto, (max-width: 1024px) 100vw, 1024px\" \/><\/figure>\n\n\n\n<h3 class=\"wp-block-heading\" style=\"font-size:25px\">PTP1B KE\u015eF\u0130 YILLAR SONRA YEN\u0130DEN G\u00dcNDEMDE<\/h3>\n\n\n\n<p>Ara\u015ft\u0131rman\u0131n ba\u015f\u0131nda yer alan Profes\u00f6r Nicholas Tonks, asl\u0131nda bu proteini ilk kez 1988 y\u0131l\u0131nda ke\u015ffeden isim. Onlarca y\u0131l s\u00fcren \u00e7al\u0131\u015fmalar\u0131n ard\u0131ndan bu enzimin beynin ba\u011f\u0131\u015f\u0131kl\u0131k sinyalleri \u00fczerindeki kritik etkisi \u00e7\u00f6z\u00fcld\u00fc. Mevcut Alzheimer ila\u00e7lar\u0131n\u0131n bir k\u0131sm\u0131n\u0131n sadece plak olu\u015fumuna odaklanmas\u0131 ve klinik ba\u015far\u0131lar\u0131n\u0131n tart\u0131\u015fmal\u0131 olmas\u0131, bilim d\u00fcnyas\u0131n\u0131 bu t\u00fcr &#8220;h\u00fccresel canland\u0131rma&#8221; y\u00f6ntemlerine y\u00f6neltti.<\/p>\n\n\n\n<p>Yeni ke\u015ffedilen y\u00f6ntem, ba\u011f\u0131\u015f\u0131kl\u0131k h\u00fccrelerini do\u011frudan plaklara sald\u0131ran birer &#8220;temizlik ekibi&#8221; gibi programl\u0131yor. Bu yakla\u015f\u0131m, sadece mevcut plaklar\u0131 temizlemekle kalm\u0131yor, ayn\u0131 zamanda beynin kendi savunma mekanizmas\u0131n\u0131 kal\u0131c\u0131 olarak g\u00fc\u00e7lendirme potansiyeli ta\u015f\u0131yor.<\/p>\n\n\n\n<h3 class=\"wp-block-heading\" style=\"font-size:25px\">YEN\u0130 NES\u0130L TEDAV\u0130 YAKLA\u015eIMLARI GELECE\u011eE I\u015eIK TUTUYOR<\/h3>\n\n\n\n<p>Bilim insanlar\u0131, bu ke\u015ffin tek ba\u015f\u0131na bir mucize olmas\u0131ndan ziyade, mevcut tedavileri g\u00fc\u00e7lendirecek stratejik bir ara\u00e7 olaca\u011f\u0131n\u0131 \u00f6ng\u00f6r\u00fcyor. Ara\u015ft\u0131rmac\u0131lar, PTP1B inhibit\u00f6rlerinin anti-amiloid ila\u00e7larla birlikte kullan\u0131lmas\u0131n\u0131n, hastal\u0131\u011f\u0131n seyrini yava\u015flatmada \u00e7ok daha radikal sonu\u00e7lar verebilece\u011fini belirtiyor.<\/p>\n\n\n\n<p>Projenin arkas\u0131ndaki duygusal motivasyon da dikkat \u00e7ekici. Profes\u00f6r Tonks, annesini bu hastal\u0131k nedeniyle kaybetti\u011fini belirterek s\u00fcreci &#8220;yava\u015f bir yas&#8221; olarak tan\u0131ml\u0131yor. 2060 y\u0131l\u0131na kadar sadece ABD&#8217;de her y\u0131l 1 milyon yeti\u015fkinin demans geli\u015ftirme riski ta\u015f\u0131d\u0131\u011f\u0131 g\u00f6z \u00f6n\u00fcne al\u0131nd\u0131\u011f\u0131nda, beynin temizlik kapasitesini art\u0131ran bu t\u00fcr tedavilerin ya\u015fam kalitesini art\u0131rmada hayati bir rol oynamas\u0131 bekleniyor.<\/p>\n\n\n\n<p>01.05.2026 19:22<\/p>\n\n\n\n<p>Kaynak:<a href=\"https:\/\/www.cumhuriyet.com.tr\/yasam\/alzheimer-tedavisinde-yeni-ufuk-beynin-temizlik-ekibi-yeniden-programlandi-2500237\">https:\/\/www.cumhuriyet.com.tr\/yasam\/alzheimer-tedavisinde-yeni-ufuk-beynin-temizlik-ekibi-yeniden-programlandi-2500237<\/a><\/p>\n","protected":false},"excerpt":{"rendered":"<p>Bilim insanlar\u0131, Alzheimer hastal\u0131\u011f\u0131n\u0131n seyrini de\u011fi\u015ftirebilecek dikkat \u00e7ekici bir bulguya ula\u015ft\u0131. Yeni ara\u015ft\u0131rmalara g\u00f6re beyindeki belirli bir proteinin etkisiz hale getirilmesi, savunma h\u00fccrelerini yeniden aktif hale getirerek zararl\u0131 plaklar\u0131n temizlenmesini sa\u011fl\u0131yor. Haf\u0131za kayb\u0131yla ili\u015fkilendirilen toksik birikimlerin azalt\u0131lmas\u0131, Alzheimer tedavisi i\u00e7in umut verici bir ad\u0131m olarak de\u011ferlendiriliyor. Milyonlarca insan\u0131 ve ailelerini etkileyen&nbsp;Alzheimer&nbsp;hastal\u0131\u011f\u0131na kar\u015f\u0131 y\u00fcr\u00fct\u00fclen \u00e7al\u0131\u015fmalarda, geleneksel&#8230;<\/p>\n","protected":false},"author":4,"featured_media":7775,"comment_status":"open","ping_status":"open","sticky":false,"template":"","format":"standard","meta":{"_jetpack_memberships_contains_paid_content":false,"footnotes":""},"categories":[2],"tags":[1030],"class_list":["post-7764","post","type-post","status-publish","format-standard","has-post-thumbnail","hentry","category-yasam","tag-alzheimer"],"jetpack_featured_media_url":"https:\/\/dbsnewsmedia.com\/wp-content\/uploads\/2026\/05\/0cd08671-6ed9-4416-b5b0-108afb5cccb8.webp","jetpack_sharing_enabled":true,"_links":{"self":[{"href":"https:\/\/dbsnewsmedia.com\/index.php?rest_route=\/wp\/v2\/posts\/7764","targetHints":{"allow":["GET"]}}],"collection":[{"href":"https:\/\/dbsnewsmedia.com\/index.php?rest_route=\/wp\/v2\/posts"}],"about":[{"href":"https:\/\/dbsnewsmedia.com\/index.php?rest_route=\/wp\/v2\/types\/post"}],"author":[{"embeddable":true,"href":"https:\/\/dbsnewsmedia.com\/index.php?rest_route=\/wp\/v2\/users\/4"}],"replies":[{"embeddable":true,"href":"https:\/\/dbsnewsmedia.com\/index.php?rest_route=%2Fwp%2Fv2%2Fcomments&post=7764"}],"version-history":[{"count":1,"href":"https:\/\/dbsnewsmedia.com\/index.php?rest_route=\/wp\/v2\/posts\/7764\/revisions"}],"predecessor-version":[{"id":7777,"href":"https:\/\/dbsnewsmedia.com\/index.php?rest_route=\/wp\/v2\/posts\/7764\/revisions\/7777"}],"wp:featuredmedia":[{"embeddable":true,"href":"https:\/\/dbsnewsmedia.com\/index.php?rest_route=\/wp\/v2\/media\/7775"}],"wp:attachment":[{"href":"https:\/\/dbsnewsmedia.com\/index.php?rest_route=%2Fwp%2Fv2%2Fmedia&parent=7764"}],"wp:term":[{"taxonomy":"category","embeddable":true,"href":"https:\/\/dbsnewsmedia.com\/index.php?rest_route=%2Fwp%2Fv2%2Fcategories&post=7764"},{"taxonomy":"post_tag","embeddable":true,"href":"https:\/\/dbsnewsmedia.com\/index.php?rest_route=%2Fwp%2Fv2%2Ftags&post=7764"}],"curies":[{"name":"wp","href":"https:\/\/api.w.org\/{rel}","templated":true}]}}