{"id":7778,"date":"2026-05-01T19:25:31","date_gmt":"2026-05-01T16:25:31","guid":{"rendered":"https:\/\/dbsnewsmedia.com\/?p=7778"},"modified":"2026-05-01T19:25:31","modified_gmt":"2026-05-01T16:25:31","slug":"multivitamin-takviyeleri-gercekten-faydali-mi-bilim-dunyasi-yanitladi","status":"publish","type":"post","link":"https:\/\/dbsnewsmedia.com\/?p=7778","title":{"rendered":"Multivitamin Takviyeleri Ger\u00e7ekten Faydal\u0131 m\u0131? Bilim D\u00fcnyas\u0131 Yan\u0131tlad\u0131"},"content":{"rendered":"\n<p class=\"has-medium-font-size\"><strong>G\u00fcnl\u00fck ya\u015fam\u0131n vazge\u00e7ilmez al\u0131\u015fkanl\u0131klar\u0131ndan biri haline gelen multivitamin takviyeleri, v\u00fccutta yaln\u0131zca vitamin eksiklerini tamamlamakla s\u0131n\u0131rl\u0131 kalm\u0131yor. Ara\u015ft\u0131rmalar, bu takviyelerin enerji d\u00fczeyi, ba\u011f\u0131\u015f\u0131kl\u0131k sistemi, zihinsel performans ve ruh hali \u00fczerinde de etkili olabilece\u011fini g\u00f6steriyor. Uzmanlar ise bilin\u00e7siz ve kontrols\u00fcz kullan\u0131m\u0131n baz\u0131 sa\u011fl\u0131k sorunlar\u0131na yol a\u00e7abilece\u011fi konusunda uyar\u0131rken, ki\u015fiye uygun \u015fekilde kullan\u0131lan takviyelerin ya\u015fam kalitesine katk\u0131 sa\u011flayabilece\u011fini belirtiyor.<\/strong><\/p>\n\n\n\n<p>G\u00fcn\u00fcm\u00fcz\u00fcn h\u0131zl\u0131 temposunda dengeli beslenmek her ge\u00e7en g\u00fcn zorla\u015f\u0131rken, ba\u011f\u0131\u015f\u0131kl\u0131k sisteminin &#8220;a\u011f\u0131r toplar\u0131&#8221; olarak bilinen \u00e7inko,&nbsp;<strong>C vitamini&nbsp;<\/strong>ve&nbsp;<strong>D vitamini&nbsp;<\/strong>eksiklikleri toplum genelinde yayg\u0131nla\u015f\u0131yor. Yap\u0131lan son ara\u015ft\u0131rmalar, \u00f6zellikle g\u00fcne\u015f \u0131\u015f\u0131\u011f\u0131ndan yeterince yararlanamayan ve kronik yorgunluktan \u015fikayet eden bireyler i\u00e7in&nbsp;<strong>multivitaminlerin<\/strong>&nbsp;kritik bir &#8220;beslenme k\u00f6pr\u00fcs\u00fc&#8221; kurdu\u011funu g\u00f6steriyor. Bilimsel \u00e7al\u0131\u015fmalar, sadece 12 haftal\u0131k d\u00fczenli kullan\u0131m\u0131n bile kan de\u011ferlerinde g\u00f6zle g\u00f6r\u00fcl\u00fcr iyile\u015fmeler sa\u011flad\u0131\u011f\u0131n\u0131 kan\u0131tl\u0131yor.<\/p>\n\n\n\n<h3 class=\"wp-block-heading\" style=\"font-size:25px\">ENERJ\u0130 SEV\u0130YES\u0130 VE ODAKLANMA \u00dcZER\u0130NDE D\u0130KKAT \u00c7EKEN ETK\u0130LER<\/h3>\n\n\n\n<p>Multivitaminlerin en dikkat \u00e7ekici etkilerinden biri zihinsel keskinlik \u00fczerinde g\u00f6r\u00fcl\u00fcyor. 2.600 yeti\u015fkinin \u00fc\u00e7 y\u0131l boyunca izlendi\u011fi kapsaml\u0131 bir ara\u015ft\u0131rma, g\u00fcnl\u00fck multivitamin kullan\u0131m\u0131n\u0131n haf\u0131za, dikkat ve planlama gibi &#8220;y\u00fcr\u00fct\u00fcc\u00fc i\u015flevleri&#8221; iyile\u015ftirdi\u011fini saptad\u0131. \u00d6zellikle odaklanma sorunu ya\u015fayan ya\u015fl\u0131 yeti\u015fkinler i\u00e7in bu takviyeler, bili\u015fsel gerilemeye kar\u015f\u0131 bir kalkan g\u00f6revi g\u00f6rebiliyor.<\/p>\n\n\n\n<p>Enerji seviyelerinde ise cinsiyete g\u00f6re farkl\u0131l\u0131klar g\u00f6zlemleniyor. Deneyler, d\u00fczenli kullan\u0131m\u0131n ard\u0131ndan erkeklerde fiziksel dayan\u0131kl\u0131l\u0131\u011f\u0131n artt\u0131\u011f\u0131n\u0131, kad\u0131nlarda ise zihinsel yorgunluk ve stres d\u00fczeyinin azald\u0131\u011f\u0131n\u0131 ortaya koyuyor. &#8220;Enerji katili&#8221; olarak tan\u0131mlanan demir eksikli\u011fi konusunda da multivitaminler, depolar\u0131n bir ay gibi k\u0131sa bir s\u00fcrede toparlanmas\u0131na yard\u0131mc\u0131 oluyor.<\/p>\n\n\n\n<figure class=\"wp-block-image size-large\"><img loading=\"lazy\" decoding=\"async\" width=\"1024\" height=\"576\" src=\"https:\/\/dbsnewsmedia.com\/wp-content\/uploads\/2026\/05\/image-1-1024x576.png\" alt=\"\" class=\"wp-image-7781\" srcset=\"https:\/\/dbsnewsmedia.com\/wp-content\/uploads\/2026\/05\/image-1-1024x576.png 1024w, https:\/\/dbsnewsmedia.com\/wp-content\/uploads\/2026\/05\/image-1-300x169.png 300w, https:\/\/dbsnewsmedia.com\/wp-content\/uploads\/2026\/05\/image-1-768x432.png 768w, https:\/\/dbsnewsmedia.com\/wp-content\/uploads\/2026\/05\/image-1.png 1280w\" sizes=\"auto, (max-width: 1024px) 100vw, 1024px\" \/><\/figure>\n\n\n\n<h3 class=\"wp-block-heading\" style=\"font-size:25px\">ANNE ADAYLARI \u0130\u00c7\u0130N DUYGUSAL DESTEK NEDEN BU KADAR \u00d6NEML\u0130?<\/h3>\n\n\n\n<p>Beslenme ve ruh sa\u011fl\u0131\u011f\u0131 aras\u0131ndaki ba\u011f, san\u0131landan \u00e7ok daha derin. Multivitaminlerin i\u00e7eri\u011findeki B vitaminlerinin depresyon ve anksiyete semptomlar\u0131n\u0131 hafifletti\u011fi, y\u00fcksek doz D vitamininin ise kayg\u0131 bozukluklar\u0131 \u00fczerinde olumlu etkiler yaratt\u0131\u011f\u0131 bilimsel raporlara yans\u0131yor. Uzmanlar, bu takviyelerin profesyonel psikolojik deste\u011fin yerini tutmayaca\u011f\u0131n\u0131 ancak tedavi s\u00fcrecine g\u00fc\u00e7l\u00fc bir destek sunabilece\u011fini belirtiyor.<\/p>\n\n\n\n<p>Hamilelik s\u00fcrecinde ise tablo \u00e7ok daha hayati bir hal al\u0131yor. Prenatal (do\u011fum \u00f6ncesi) vitaminlerin kullan\u0131m\u0131; anemi, gestasyonel diyabet ve bebeklerde olu\u015fabilecek n\u00f6ral t\u00fcp defekti risklerini minimize ediyor. \u00d6zellikle kad\u0131nlar\u0131n %28&#8217;inin hamileli\u011fin son aylar\u0131nda demir eksikli\u011fi ya\u015fad\u0131\u011f\u0131 ger\u00e7e\u011fi, bu takviyelerin \u00f6nemini bir kez daha kan\u0131tl\u0131yor.<\/p>\n\n\n\n<h3 class=\"wp-block-heading\" style=\"font-size:25px\">UZMANLAR A\u00c7IKLADI: MULT\u0130V\u0130TAM\u0130NLER K\u0130MLER \u0130\u00c7\u0130N GEREKL\u0130?<\/h3>\n\n\n\n<p>Diyetisyen Melissa Mitri ve Kelsey Lorencz, multivitaminlerin herkes i\u00e7in bir &#8220;zorunluluk&#8221; olmad\u0131\u011f\u0131n\u0131 vurguluyor. Sa\u011fl\u0131kl\u0131 ve dengeli beslenen bir birey i\u00e7in bu takviyeler gereksiz olabilirken; ya\u015fl\u0131lar, i\u015ftah kayb\u0131 ya\u015fayanlar ve kronik hastal\u0131klar\u0131 olanlar i\u00e7in hayati bir bo\u015flu\u011fu dolduruyor.<\/p>\n\n\n\n<p>Takviye se\u00e7iminde ise &#8220;etiket okuma&#8221; b\u00fcy\u00fck \u00f6nem ta\u015f\u0131yor. \u00d6nerilen g\u00fcnl\u00fck dozun (RDA) \u00e7ok \u00fczerine \u00e7\u0131kan \u00fcr\u00fcnler, mide bulant\u0131s\u0131 ve sindirim sistemi bozukluklar\u0131na yol a\u00e7abiliyor. Uzmanlar, \u00fcr\u00fcn kalitesini onaylayan USP veya NSF m\u00fch\u00fcrl\u00fc markalar\u0131n tercih edilmesini ve herhangi bir takviyeye ba\u015flamadan \u00f6nce mutlaka hekim g\u00f6r\u00fc\u015f\u00fc al\u0131nmas\u0131 gerekti\u011fini hat\u0131rlat\u0131yor.<\/p>\n\n\n\n<p>01.05.2026 19:25<\/p>\n\n\n\n<p>Kaynak:<a href=\"https:\/\/www.cumhuriyet.com.tr\/yasam\/bilim-dunyasi-acikladi-her-gun-multivitamin-icmek-vucutta-neleri-degistiriyor-2500184\">https:\/\/www.cumhuriyet.com.tr\/yasam\/bilim-dunyasi-acikladi-her-gun-multivitamin-icmek-vucutta-neleri-degistiriyor-2500184<\/a><\/p>\n","protected":false},"excerpt":{"rendered":"<p>G\u00fcnl\u00fck ya\u015fam\u0131n vazge\u00e7ilmez al\u0131\u015fkanl\u0131klar\u0131ndan biri haline gelen multivitamin takviyeleri, v\u00fccutta yaln\u0131zca vitamin eksiklerini tamamlamakla s\u0131n\u0131rl\u0131 kalm\u0131yor. Ara\u015ft\u0131rmalar, bu takviyelerin enerji d\u00fczeyi, ba\u011f\u0131\u015f\u0131kl\u0131k sistemi, zihinsel performans ve ruh hali \u00fczerinde de etkili olabilece\u011fini g\u00f6steriyor. Uzmanlar ise bilin\u00e7siz ve kontrols\u00fcz kullan\u0131m\u0131n baz\u0131 sa\u011fl\u0131k sorunlar\u0131na yol a\u00e7abilece\u011fi konusunda uyar\u0131rken, ki\u015fiye uygun \u015fekilde kullan\u0131lan takviyelerin ya\u015fam kalitesine katk\u0131 sa\u011flayabilece\u011fini&#8230;<\/p>\n","protected":false},"author":4,"featured_media":7780,"comment_status":"open","ping_status":"open","sticky":false,"template":"","format":"standard","meta":{"_jetpack_memberships_contains_paid_content":false,"footnotes":""},"categories":[2],"tags":[2379],"class_list":["post-7778","post","type-post","status-publish","format-standard","has-post-thumbnail","hentry","category-yasam","tag-multivitaminler"],"jetpack_featured_media_url":"https:\/\/dbsnewsmedia.com\/wp-content\/uploads\/2026\/05\/104ca8ef-8d1d-4fa6-8fbe-45c4af5f0b9f.webp","jetpack_sharing_enabled":true,"_links":{"self":[{"href":"https:\/\/dbsnewsmedia.com\/index.php?rest_route=\/wp\/v2\/posts\/7778","targetHints":{"allow":["GET"]}}],"collection":[{"href":"https:\/\/dbsnewsmedia.com\/index.php?rest_route=\/wp\/v2\/posts"}],"about":[{"href":"https:\/\/dbsnewsmedia.com\/index.php?rest_route=\/wp\/v2\/types\/post"}],"author":[{"embeddable":true,"href":"https:\/\/dbsnewsmedia.com\/index.php?rest_route=\/wp\/v2\/users\/4"}],"replies":[{"embeddable":true,"href":"https:\/\/dbsnewsmedia.com\/index.php?rest_route=%2Fwp%2Fv2%2Fcomments&post=7778"}],"version-history":[{"count":1,"href":"https:\/\/dbsnewsmedia.com\/index.php?rest_route=\/wp\/v2\/posts\/7778\/revisions"}],"predecessor-version":[{"id":7783,"href":"https:\/\/dbsnewsmedia.com\/index.php?rest_route=\/wp\/v2\/posts\/7778\/revisions\/7783"}],"wp:featuredmedia":[{"embeddable":true,"href":"https:\/\/dbsnewsmedia.com\/index.php?rest_route=\/wp\/v2\/media\/7780"}],"wp:attachment":[{"href":"https:\/\/dbsnewsmedia.com\/index.php?rest_route=%2Fwp%2Fv2%2Fmedia&parent=7778"}],"wp:term":[{"taxonomy":"category","embeddable":true,"href":"https:\/\/dbsnewsmedia.com\/index.php?rest_route=%2Fwp%2Fv2%2Fcategories&post=7778"},{"taxonomy":"post_tag","embeddable":true,"href":"https:\/\/dbsnewsmedia.com\/index.php?rest_route=%2Fwp%2Fv2%2Ftags&post=7778"}],"curies":[{"name":"wp","href":"https:\/\/api.w.org\/{rel}","templated":true}]}}