{"id":7785,"date":"2026-05-01T19:33:47","date_gmt":"2026-05-01T16:33:47","guid":{"rendered":"https:\/\/dbsnewsmedia.com\/?p=7785"},"modified":"2026-05-01T19:33:47","modified_gmt":"2026-05-01T16:33:47","slug":"fazil-saydan-caz-atagi-yeni-turne-duyuruldu","status":"publish","type":"post","link":"https:\/\/dbsnewsmedia.com\/?p=7785","title":{"rendered":"Faz\u0131l Say\u2019dan Caz Ata\u011f\u0131: Yeni Turne Duyuruldu"},"content":{"rendered":"\n<p>01.05.2026     19:30<\/p>\n\n\n\n<p>D\u00fcnyaca \u00fcnl\u00fc piyanist ve besteci Faz\u0131l Say, caz oda\u011f\u0131ndaki yeni projesi \u201cSay Plays Jazz on Tour with \u0160koda\u201d ile yaz aylar\u0131nda T\u00fcrkiye turnesine \u00e7\u0131kmaya haz\u0131rlan\u0131yor.<\/p>\n\n\n\n<p>D\u00fcnyaca \u00fcnl\u00fc piyanist ve besteci&nbsp;<strong>Faz\u0131l Say<\/strong>, caz oda\u011f\u0131ndaki yeni projesi \u201c<strong>Say Plays Jazz on Tour with \u0160koda<\/strong>\u201d ile yaz aylar\u0131nda T\u00fcrkiye turnesine \u00e7\u0131kmaya haz\u0131rlan\u0131yor. Sanat\u00e7\u0131n\u0131n klasik m\u00fczikteki yarat\u0131c\u0131 diliyle caz\u0131n do\u011fa\u00e7lama ruhunu bir araya getirdi\u011fi proje, Faz\u0131l Say Jazz Quintet ile sahneye ta\u015f\u0131nacak.<\/p>\n\n\n\n<h2 class=\"wp-block-heading\"><strong>Geni\u015f kapsaml\u0131 turne<\/strong><\/h2>\n\n\n\n<p>Pozitif M\u00fczik organizasyonuyla ger\u00e7ekle\u015fecek turne kapsam\u0131nda 7 \u015fehirde toplam 10 konser verilecek. Proje, Say\u2019\u0131n cazla kurdu\u011fu ili\u015fkiyi bug\u00fcne kadarki en kapsaml\u0131 bi\u00e7imde ortaya koyarken, sanat\u00e7\u0131n\u0131n yaln\u0131zca yorumcu de\u011fil, ayn\u0131 zamanda besteci ve proje kurucusu kimli\u011fiyle \u00f6ne \u00e7\u0131kt\u0131\u011f\u0131 \u00f6zg\u00fcn bir \u00fcretim modeli sunuyor.<\/p>\n\n\n\n<figure class=\"wp-block-image size-large\"><img loading=\"lazy\" decoding=\"async\" width=\"768\" height=\"1024\" src=\"https:\/\/dbsnewsmedia.com\/wp-content\/uploads\/2026\/05\/66-768x1024.webp\" alt=\"\" class=\"wp-image-7795\" srcset=\"https:\/\/dbsnewsmedia.com\/wp-content\/uploads\/2026\/05\/66-768x1024.webp 768w, https:\/\/dbsnewsmedia.com\/wp-content\/uploads\/2026\/05\/66-225x300.webp 225w, https:\/\/dbsnewsmedia.com\/wp-content\/uploads\/2026\/05\/66-1152x1536.webp 1152w, https:\/\/dbsnewsmedia.com\/wp-content\/uploads\/2026\/05\/66.webp 1280w\" sizes=\"auto, (max-width: 768px) 100vw, 768px\" \/><\/figure>\n\n\n\n<p>\u201cSay Plays Jazz\u201d, Faz\u0131l Say\u2019\u0131n m\u00fczikal anlat\u0131s\u0131nda yeni bir evre olarak dikkat \u00e7ekiyor. Sanat\u00e7\u0131, caz be\u015flisi i\u00e7in besteledi\u011fi yeni eserlerin yan\u0131 s\u0131ra ge\u00e7mi\u015f \u00e7al\u0131\u015fmalar\u0131n\u0131 da caz formunda yeniden yorumluyor. Say, repertuvar\u0131n temelinde g\u00fc\u00e7l\u00fc bir sosyal duyarl\u0131l\u0131k bulundu\u011funu belirterek, projede Do\u011fu ile Bat\u0131 aras\u0131ndaki k\u00fclt\u00fcrel k\u00f6pr\u00fcn\u00fcn yan\u0131 s\u0131ra k\u00fcresel krizler, T\u00fcrkiye\u2019nin toplumsal meseleleri, do\u011fa tahribat\u0131 ve sokak hayvanlar\u0131n\u0131n durumu gibi temalara da yer verdi\u011fini ifade ediyor.<\/p>\n\n\n\n<h2 class=\"wp-block-heading\"><strong>Geni\u015f kadro<\/strong><\/h2>\n\n\n\n<p>Konser kurgusuyla da farkl\u0131la\u015fan proje, klasik konser formunun \u00f6tesine ge\u00e7erek kesintisiz bir m\u00fczikal deneyim sunmay\u0131 hedefliyor. Yakla\u015f\u0131k 75-80 dakika s\u00fcrecek performans, par\u00e7alar aras\u0131nda ara verilmeden, b\u00fct\u00fcnl\u00fckl\u00fc bir anlat\u0131 \u015feklinde sahnelenecek. \u00c7al\u0131\u015fman\u0131n ayn\u0131 zamanda alb\u00fcm olarak kaydedilmesi ve ilerleyen d\u00f6nemde uluslararas\u0131 sahnelere ta\u015f\u0131nmas\u0131 planlan\u0131yor.<\/p>\n\n\n\n<p>Projede Faz\u0131l Say\u2019a sahnede g\u00fc\u00e7l\u00fc bir m\u00fczisyen kadrosu e\u015flik edecek. Vokalde Ezgi Ala\u015f, fl\u00fctte Asl\u0131han And Say, saksafonda Serdar Bar\u00e7\u0131n ve davulda Ferit Odman yer alacak.<\/p>\n\n\n\n<p>A\u00e7\u0131k hava sahneleri ve antik tiyatrolarda ger\u00e7ekle\u015ftirilecek turnenin konser program\u0131 ise \u015f\u00f6yle:<\/p>\n\n\n\n<ul class=\"wp-block-list\">\n<li>19 Temmuz 2026 \u2013 Ayval\u0131k Amfi Tiyatro<\/li>\n\n\n\n<li>24 Temmuz 2026 \u2013 \u00c7e\u015fme A\u00e7\u0131khava Tiyatrosu<\/li>\n\n\n\n<li>25 Temmuz 2026 \u2013 Efes Antik Tiyatrosu<\/li>\n\n\n\n<li>26 Temmuz 2026 \u2013 Bodrum Antik Tiyatro<\/li>\n\n\n\n<li>2-3 Eyl\u00fcl 2026 \u2013 Harbiye Cemil Topuzlu A\u00e7\u0131khava Tiyatrosu (\u0130stanbul)<\/li>\n\n\n\n<li>13 Eyl\u00fcl 2026 \u2013 \u0130zmir K\u00fclt\u00fcrpark A\u00e7\u0131khava Tiyatrosu<\/li>\n\n\n\n<li>16 Eyl\u00fcl 2026 \u2013 Hierapolis Antik Tiyatrosu (Denizli)<\/li>\n\n\n\n<li>17 Eyl\u00fcl 2026 \u2013 Antalya A\u00e7\u0131khava Tiyatrosu<\/li>\n\n\n\n<li>27 Eyl\u00fcl 2026 \u2013 Bilkent Odeon (Ankara)<\/li>\n<\/ul>\n\n\n\n<p>Kaynak:<a href=\"https:\/\/www.cumhuriyet.com.tr\/kultur-sanat\/fazil-say-dan-yeni-caz-projesi-say-plays-jazz-2500174\">https:\/\/www.cumhuriyet.com.tr\/kultur-sanat\/fazil-say-dan-yeni-caz-projesi-say-plays-jazz-2500174<\/a><\/p>\n","protected":false},"excerpt":{"rendered":"<p>01.05.2026 19:30 D\u00fcnyaca \u00fcnl\u00fc piyanist ve besteci Faz\u0131l Say, caz oda\u011f\u0131ndaki yeni projesi \u201cSay Plays Jazz on Tour with \u0160koda\u201d ile yaz aylar\u0131nda T\u00fcrkiye turnesine \u00e7\u0131kmaya haz\u0131rlan\u0131yor. D\u00fcnyaca \u00fcnl\u00fc piyanist ve besteci&nbsp;Faz\u0131l Say, caz oda\u011f\u0131ndaki yeni projesi \u201cSay Plays Jazz on Tour with \u0160koda\u201d ile yaz aylar\u0131nda T\u00fcrkiye turnesine \u00e7\u0131kmaya haz\u0131rlan\u0131yor. Sanat\u00e7\u0131n\u0131n klasik m\u00fczikteki yarat\u0131c\u0131&#8230;<\/p>\n","protected":false},"author":5,"featured_media":7794,"comment_status":"open","ping_status":"open","sticky":false,"template":"","format":"standard","meta":{"_jetpack_memberships_contains_paid_content":false,"footnotes":""},"categories":[10],"tags":[1210],"class_list":["post-7785","post","type-post","status-publish","format-standard","has-post-thumbnail","hentry","category-kultur-sanat","tag-fazil-say"],"jetpack_featured_media_url":"https:\/\/dbsnewsmedia.com\/wp-content\/uploads\/2026\/05\/65.webp","jetpack_sharing_enabled":true,"_links":{"self":[{"href":"https:\/\/dbsnewsmedia.com\/index.php?rest_route=\/wp\/v2\/posts\/7785","targetHints":{"allow":["GET"]}}],"collection":[{"href":"https:\/\/dbsnewsmedia.com\/index.php?rest_route=\/wp\/v2\/posts"}],"about":[{"href":"https:\/\/dbsnewsmedia.com\/index.php?rest_route=\/wp\/v2\/types\/post"}],"author":[{"embeddable":true,"href":"https:\/\/dbsnewsmedia.com\/index.php?rest_route=\/wp\/v2\/users\/5"}],"replies":[{"embeddable":true,"href":"https:\/\/dbsnewsmedia.com\/index.php?rest_route=%2Fwp%2Fv2%2Fcomments&post=7785"}],"version-history":[{"count":1,"href":"https:\/\/dbsnewsmedia.com\/index.php?rest_route=\/wp\/v2\/posts\/7785\/revisions"}],"predecessor-version":[{"id":7801,"href":"https:\/\/dbsnewsmedia.com\/index.php?rest_route=\/wp\/v2\/posts\/7785\/revisions\/7801"}],"wp:featuredmedia":[{"embeddable":true,"href":"https:\/\/dbsnewsmedia.com\/index.php?rest_route=\/wp\/v2\/media\/7794"}],"wp:attachment":[{"href":"https:\/\/dbsnewsmedia.com\/index.php?rest_route=%2Fwp%2Fv2%2Fmedia&parent=7785"}],"wp:term":[{"taxonomy":"category","embeddable":true,"href":"https:\/\/dbsnewsmedia.com\/index.php?rest_route=%2Fwp%2Fv2%2Fcategories&post=7785"},{"taxonomy":"post_tag","embeddable":true,"href":"https:\/\/dbsnewsmedia.com\/index.php?rest_route=%2Fwp%2Fv2%2Ftags&post=7785"}],"curies":[{"name":"wp","href":"https:\/\/api.w.org\/{rel}","templated":true}]}}