{"id":7799,"date":"2026-05-01T19:34:12","date_gmt":"2026-05-01T16:34:12","guid":{"rendered":"https:\/\/dbsnewsmedia.com\/?p=7799"},"modified":"2026-05-01T19:34:12","modified_gmt":"2026-05-01T16:34:12","slug":"turkce-popta-yeni-bir-soluk-aura-grubu-geliyor","status":"publish","type":"post","link":"https:\/\/dbsnewsmedia.com\/?p=7799","title":{"rendered":"T\u00fcrk\u00e7e Popta Yeni Bir Soluk: Aura Grubu Geliyor"},"content":{"rendered":"\n<p>T\u00fcrkiye\u2019de son d\u00f6nemde pop\u00fclerle\u015fen \u201cgirl band\u201d (k\u0131z grubu) ak\u0131m\u0131na iddial\u0131 bir isim daha eklendi. Z ku\u015fa\u011f\u0131n\u0131n enerjisini 2000\u2019lerin R&amp;B ve T\u00fcrk\u00e7e pop t\u0131n\u0131lar\u0131yla birle\u015ftiren&nbsp;<strong>Aura<\/strong>, m\u00fczik d\u00fcnyas\u0131na h\u0131zl\u0131 bir giri\u015f yapmaya haz\u0131rlan\u0131yor.<\/p>\n\n\n\n<h3 class=\"wp-block-heading\">2000\u2019ler Ruhu Z Ku\u015fa\u011f\u0131yla Bulu\u015fuyor<\/h3>\n\n\n\n<p>Aura, sadece modern pop de\u011fil, ayn\u0131 zamanda 2000\u2019lerin o \u00e7ok sevilen R&amp;B esintilerini de m\u00fczi\u011fine ta\u015f\u0131yor. Grup, Manifest\u2019e g\u00fc\u00e7l\u00fc bir rakip olarak g\u00f6sterilirken, haz\u0131rlad\u0131klar\u0131 \u015fark\u0131larla \u015fimdiden merak uyand\u0131rm\u0131\u015f durumda.<\/p>\n\n\n\n<h3 class=\"wp-block-heading\">Kadroda Kimler Var?<\/h3>\n\n\n\n<p>Grup d\u00f6rt yetenekli isimden olu\u015fuyor:<\/p>\n\n\n\n<ul class=\"wp-block-list\">\n<li><strong>Asl\u0131 G\u00f6zta\u015f\u0131<\/strong><\/li>\n\n\n\n<li><strong>Esra Mutlu<\/strong><\/li>\n\n\n\n<li><strong>Meri<\/strong><\/li>\n\n\n\n<li><strong>Suzy Roumenov<\/strong><\/li>\n<\/ul>\n\n\n\n<h3 class=\"wp-block-heading\">Sezen Aksu S\u00fcrprizi ve Sefo Deste\u011fi<\/h3>\n\n\n\n<p>Grubun ilk alb\u00fcm\u00fc olan&nbsp;<strong>\u201cElemental\u201d<\/strong>&nbsp;\u00fczerindeki \u00e7al\u0131\u015fmalar son s\u00fcrat devam ediyor. Dikkat \u00e7eken detay ise alb\u00fcm haz\u0131rl\u0131klar\u0131n\u0131n \u00fcnl\u00fc rap\u00e7i&nbsp;<strong>Sefo\u2019nun st\u00fcdyosunda<\/strong>&nbsp;yap\u0131l\u0131yor olmas\u0131. Ayr\u0131ca alb\u00fcmde m\u00fczik d\u00fcnyas\u0131n\u0131n efsane ismi&nbsp;<strong>Sezen Aksu\u2019ya ait bir \u015fark\u0131<\/strong>&nbsp;da yer alacak; bu da grubun ne kadar iddial\u0131 oldu\u011funu kan\u0131tl\u0131yor.<\/p>\n\n\n\n<p>01.05.2026 19:34<\/p>\n\n\n\n<p>Karde\u015f Haber:<a href=\"https:\/\/checkinhaber.com\/2026\/05\/01\/turkce-popta-yeni-bir-soluk-aura-grubu-geliyor\/\">https:\/\/checkinhaber.com\/2026\/05\/01\/turkce-popta-yeni-bir-soluk-aura-grubu-geliyor\/<\/a><\/p>\n","protected":false},"excerpt":{"rendered":"<p>T\u00fcrkiye\u2019de son d\u00f6nemde pop\u00fclerle\u015fen \u201cgirl band\u201d (k\u0131z grubu) ak\u0131m\u0131na iddial\u0131 bir isim daha eklendi. Z ku\u015fa\u011f\u0131n\u0131n enerjisini 2000\u2019lerin R&amp;B ve T\u00fcrk\u00e7e pop t\u0131n\u0131lar\u0131yla birle\u015ftiren&nbsp;Aura, m\u00fczik d\u00fcnyas\u0131na h\u0131zl\u0131 bir giri\u015f yapmaya haz\u0131rlan\u0131yor. 2000\u2019ler Ruhu Z Ku\u015fa\u011f\u0131yla Bulu\u015fuyor Aura, sadece modern pop de\u011fil, ayn\u0131 zamanda 2000\u2019lerin o \u00e7ok sevilen R&amp;B esintilerini de m\u00fczi\u011fine ta\u015f\u0131yor. Grup, Manifest\u2019e g\u00fc\u00e7l\u00fc&#8230;<\/p>\n","protected":false},"author":4,"featured_media":7802,"comment_status":"open","ping_status":"open","sticky":false,"template":"","format":"standard","meta":{"_jetpack_memberships_contains_paid_content":false,"footnotes":""},"categories":[2],"tags":[2385,2384],"class_list":["post-7799","post","type-post","status-publish","format-standard","has-post-thumbnail","hentry","category-yasam","tag-aura","tag-turkce-pop"],"jetpack_featured_media_url":"https:\/\/dbsnewsmedia.com\/wp-content\/uploads\/2026\/05\/image-10-1024x576-1.webp","jetpack_sharing_enabled":true,"_links":{"self":[{"href":"https:\/\/dbsnewsmedia.com\/index.php?rest_route=\/wp\/v2\/posts\/7799","targetHints":{"allow":["GET"]}}],"collection":[{"href":"https:\/\/dbsnewsmedia.com\/index.php?rest_route=\/wp\/v2\/posts"}],"about":[{"href":"https:\/\/dbsnewsmedia.com\/index.php?rest_route=\/wp\/v2\/types\/post"}],"author":[{"embeddable":true,"href":"https:\/\/dbsnewsmedia.com\/index.php?rest_route=\/wp\/v2\/users\/4"}],"replies":[{"embeddable":true,"href":"https:\/\/dbsnewsmedia.com\/index.php?rest_route=%2Fwp%2Fv2%2Fcomments&post=7799"}],"version-history":[{"count":1,"href":"https:\/\/dbsnewsmedia.com\/index.php?rest_route=\/wp\/v2\/posts\/7799\/revisions"}],"predecessor-version":[{"id":7804,"href":"https:\/\/dbsnewsmedia.com\/index.php?rest_route=\/wp\/v2\/posts\/7799\/revisions\/7804"}],"wp:featuredmedia":[{"embeddable":true,"href":"https:\/\/dbsnewsmedia.com\/index.php?rest_route=\/wp\/v2\/media\/7802"}],"wp:attachment":[{"href":"https:\/\/dbsnewsmedia.com\/index.php?rest_route=%2Fwp%2Fv2%2Fmedia&parent=7799"}],"wp:term":[{"taxonomy":"category","embeddable":true,"href":"https:\/\/dbsnewsmedia.com\/index.php?rest_route=%2Fwp%2Fv2%2Fcategories&post=7799"},{"taxonomy":"post_tag","embeddable":true,"href":"https:\/\/dbsnewsmedia.com\/index.php?rest_route=%2Fwp%2Fv2%2Ftags&post=7799"}],"curies":[{"name":"wp","href":"https:\/\/api.w.org\/{rel}","templated":true}]}}