{"id":7803,"date":"2026-05-01T19:35:58","date_gmt":"2026-05-01T16:35:58","guid":{"rendered":"https:\/\/dbsnewsmedia.com\/?p=7803"},"modified":"2026-05-01T19:35:58","modified_gmt":"2026-05-01T16:35:58","slug":"dort-mevsim-tablosu-rekor-fiyata-alici-buldu","status":"publish","type":"post","link":"https:\/\/dbsnewsmedia.com\/?p=7803","title":{"rendered":"\u201cD\u00f6rt Mevsim\u201d Tablosu Rekor Fiyata Al\u0131c\u0131 Buldu"},"content":{"rendered":"\n<p>01.05.2026    19:36<\/p>\n\n\n\n<p>Osmanl\u0131&#8217;dan Cumhuriyet&#8217;e ge\u00e7i\u015f d\u00f6nemi ressam\u0131 Halil Pa\u015fa&#8217;n\u0131n &#8220;D\u00f6rt Mevsim&#8221; serisi, \u0130ngiltere&#8217;de Sotheby\u2019s m\u00fczayedesinde 537 bin 600 sterline sat\u0131larak rekor k\u0131rd\u0131.<\/p>\n\n\n\n<p>Osmanl\u0131&#8217;dan Cumhuriyet&#8217;e ge\u00e7i\u015f d\u00f6neminin \u00f6nemli\u00a0ressamlar\u0131ndan\u00a0Halil Pa\u015fa&#8217;n\u0131n d\u00f6rt mevsimi konu alan tablo serisi, \u0130ngiltere&#8217;de d\u00fczenlenen bir m\u00fczayedede rekor fiyata sat\u0131ld\u0131. Eser, 537 bin 600 sterline (yakla\u015f\u0131k 32 milyon 853 bin lira) al\u0131c\u0131 buldu.<\/p>\n\n\n\n<p>Sotheby&#8217;s m\u00fczayede evi\u00a0taraf\u0131ndan 200 ila 300 bin sterlin aras\u0131nda de\u011fer bi\u00e7ilen d\u00f6rt panellik tablo, beklentilerin olduk\u00e7a \u00fczerine \u00e7\u0131karak dikkat \u00e7ekti. Eser, 19. y\u00fczy\u0131l ile 20. y\u00fczy\u0131l ba\u015flar\u0131nda Kuzey Afrika, M\u0131s\u0131r, Levant, Arabistan ve Osmanl\u0131 co\u011frafyas\u0131n\u0131 konu alan &#8220;Oryantalist Sanat&#8221; m\u00fczayedesinde sat\u0131\u015fa sunuldu.<\/p>\n\n\n\n<p>Halil Pa\u015fa&#8217;n\u0131n d\u00f6rt mevsimi betimleyen \u00e7al\u0131\u015fmalar\u0131n\u0131n erken d\u00f6nem bir versiyonu ise \u0130stanbul&#8217;daki Pera M\u00fczesi&#8217;nde sanatseverlerle bulu\u015fuyor. Suna ve \u0130nan K\u0131ra\u00e7 Vakf\u0131 b\u00fcnyesinde d\u00fczenlenen &#8220;Suyun K\u0131y\u0131s\u0131nda: Halil Pa\u015fa\u2019n\u0131n Ya\u015fam\u0131 ve Sanat\u0131&#8221; sergisinde, sanat\u00e7\u0131n\u0131n eserleri ar\u015fiv belgeleri, foto\u011fraflar ve desen defterleriyle birlikte sergileniyor. Sergi, 23 A\u011fustos&#8217;a kadar ziyaret edilebilecek.<\/p>\n\n\n\n<h2 class=\"wp-block-heading\"><strong>Halil Pa\u015fa<\/strong><\/h2>\n\n\n\n<p>Sanat e\u011fitimini tamamlad\u0131ktan sonra askeri liselerde resim \u00f6\u011fretmenli\u011fi yapan Halil Pa\u015fa, yakla\u015f\u0131k 8 y\u0131l Paris&#8217;te ya\u015fad\u0131 ve \u00fcnl\u00fc oryantalist ressam Jean-L\u00e9on G\u00e9r\u00f4me&#8217;nin at\u00f6lyesinde \u00e7al\u0131\u015ft\u0131. 1889 y\u0131l\u0131nda Paris&#8217;te kazand\u0131\u011f\u0131 madalya ile ad\u0131n\u0131 duyuran sanat\u00e7\u0131, k\u0131sa s\u00fcrede uluslararas\u0131 sanat \u00e7evrelerinde tan\u0131nan bir isim haline geldi.<\/p>\n\n\n\n<p>Kaynak:<a href=\"https:\/\/www.odatv.com\/kultur-sanat\/halil-pasanin-dort-mevsiminden-rekor-satis-120145357\">https:\/\/www.odatv.com\/kultur-sanat\/halil-pasanin-dort-mevsiminden-rekor-satis-120145357<\/a><\/p>\n","protected":false},"excerpt":{"rendered":"<p>01.05.2026 19:36 Osmanl\u0131&#8217;dan Cumhuriyet&#8217;e ge\u00e7i\u015f d\u00f6nemi ressam\u0131 Halil Pa\u015fa&#8217;n\u0131n &#8220;D\u00f6rt Mevsim&#8221; serisi, \u0130ngiltere&#8217;de Sotheby\u2019s m\u00fczayedesinde 537 bin 600 sterline sat\u0131larak rekor k\u0131rd\u0131. Osmanl\u0131&#8217;dan Cumhuriyet&#8217;e ge\u00e7i\u015f d\u00f6neminin \u00f6nemli\u00a0ressamlar\u0131ndan\u00a0Halil Pa\u015fa&#8217;n\u0131n d\u00f6rt mevsimi konu alan tablo serisi, \u0130ngiltere&#8217;de d\u00fczenlenen bir m\u00fczayedede rekor fiyata sat\u0131ld\u0131. Eser, 537 bin 600 sterline (yakla\u015f\u0131k 32 milyon 853 bin lira) al\u0131c\u0131 buldu. Sotheby&#8217;s&#8230;<\/p>\n","protected":false},"author":5,"featured_media":7808,"comment_status":"open","ping_status":"open","sticky":false,"template":"","format":"standard","meta":{"_jetpack_memberships_contains_paid_content":false,"footnotes":""},"categories":[10],"tags":[2387],"class_list":["post-7803","post","type-post","status-publish","format-standard","has-post-thumbnail","hentry","category-kultur-sanat","tag-halil-pasa"],"jetpack_featured_media_url":"https:\/\/dbsnewsmedia.com\/wp-content\/uploads\/2026\/05\/67.webp","jetpack_sharing_enabled":true,"_links":{"self":[{"href":"https:\/\/dbsnewsmedia.com\/index.php?rest_route=\/wp\/v2\/posts\/7803","targetHints":{"allow":["GET"]}}],"collection":[{"href":"https:\/\/dbsnewsmedia.com\/index.php?rest_route=\/wp\/v2\/posts"}],"about":[{"href":"https:\/\/dbsnewsmedia.com\/index.php?rest_route=\/wp\/v2\/types\/post"}],"author":[{"embeddable":true,"href":"https:\/\/dbsnewsmedia.com\/index.php?rest_route=\/wp\/v2\/users\/5"}],"replies":[{"embeddable":true,"href":"https:\/\/dbsnewsmedia.com\/index.php?rest_route=%2Fwp%2Fv2%2Fcomments&post=7803"}],"version-history":[{"count":1,"href":"https:\/\/dbsnewsmedia.com\/index.php?rest_route=\/wp\/v2\/posts\/7803\/revisions"}],"predecessor-version":[{"id":7809,"href":"https:\/\/dbsnewsmedia.com\/index.php?rest_route=\/wp\/v2\/posts\/7803\/revisions\/7809"}],"wp:featuredmedia":[{"embeddable":true,"href":"https:\/\/dbsnewsmedia.com\/index.php?rest_route=\/wp\/v2\/media\/7808"}],"wp:attachment":[{"href":"https:\/\/dbsnewsmedia.com\/index.php?rest_route=%2Fwp%2Fv2%2Fmedia&parent=7803"}],"wp:term":[{"taxonomy":"category","embeddable":true,"href":"https:\/\/dbsnewsmedia.com\/index.php?rest_route=%2Fwp%2Fv2%2Fcategories&post=7803"},{"taxonomy":"post_tag","embeddable":true,"href":"https:\/\/dbsnewsmedia.com\/index.php?rest_route=%2Fwp%2Fv2%2Ftags&post=7803"}],"curies":[{"name":"wp","href":"https:\/\/api.w.org\/{rel}","templated":true}]}}