{"id":7812,"date":"2026-05-01T19:54:25","date_gmt":"2026-05-01T16:54:25","guid":{"rendered":"https:\/\/dbsnewsmedia.com\/?p=7812"},"modified":"2026-05-01T19:55:02","modified_gmt":"2026-05-01T16:55:02","slug":"avrupada-kuraklik-canlari-caliyor-40-yilda-kar-ortusunun-yarisindan-fazlasi-yok-oldu","status":"publish","type":"post","link":"https:\/\/dbsnewsmedia.com\/?p=7812","title":{"rendered":"Avrupa&#8217;da Kurakl\u0131k \u00c7anlar\u0131 \u00c7al\u0131yor: 40 Y\u0131lda Kar \u00d6rt\u00fcs\u00fcn\u00fcn Yar\u0131s\u0131ndan Fazlas\u0131 Yok Oldu"},"content":{"rendered":"\n<p>Son y\u0131llarda d\u00fcnyada pek \u00e7ok \u015feyin k\u00f6t\u00fcye gitti\u011fine dair yayg\u0131n bir g\u00f6r\u00fc\u015f olu\u015fmu\u015f durumda. Artan ya\u015fam maliyetleri, d\u00fc\u015f\u00fck \u00fccret art\u0131\u015flar\u0131 ve \u00e7evresel kayg\u0131lar \u00f6zellikle gen\u00e7 nesilleri endi\u015felendirirken, gezegenin gelece\u011fi de ciddi bir tart\u0131\u015fma konusu olmaya devam ediyor.<\/p>\n\n\n\n<p>\u0130klim de\u011fi\u015fikli\u011fi eskisi kadar s\u0131k g\u00fcndeme gelmese de, etkileri h\u00e2l\u00e2 derin \u015fekilde hissediliyor.&nbsp;<strong>Cambridge \u00dcniversitesi<\/strong>\u2019nden bilim insanlar\u0131, bu duruma dair \u00e7arp\u0131c\u0131 bir bulguya ula\u015ft\u0131. Ara\u015ft\u0131rmaya g\u00f6re, Yunanistan\u2019daki bir da\u011fl\u0131k b\u00f6lgede kar \u00f6rt\u00fcs\u00fc son&nbsp;<strong>40 y\u0131lda y\u00fczde 58 oran\u0131nda<\/strong>&nbsp;azald\u0131.<\/p>\n\n\n\n<p>Uydu g\u00f6r\u00fcnt\u00fcleri, iklim verileri ve yapay zek\u00e2 destekli analizler kullan\u0131larak yap\u0131lan \u00e7al\u0131\u015fman\u0131n sonu\u00e7lar\u0131 bilimsel dergi&nbsp;<strong>The Cryosphere<\/strong>\u2019da yay\u0131mland\u0131. Ara\u015ft\u0131rmac\u0131lar, bu dramatik d\u00fc\u015f\u00fc\u015f\u00fcn temel nedeninin&nbsp;<strong>artan s\u0131cakl\u0131klar<\/strong>oldu\u011funu belirtti.<\/p>\n\n\n\n<p><strong>Tabiat\u0131n Yat\u0131r\u0131m Arac\u0131: Yava\u015f Eriyen Kar \u00d6rt\u00fcs\u00fc Nehirleri ve Yeralt\u0131 Sular\u0131n\u0131 Besliyor<\/strong><\/p>\n\n\n\n<p>\u00c7al\u0131\u015fman\u0131n ba\u015f yazar\u0131&nbsp;<strong>Konstantinos Alexopoulos<\/strong>, kar\u0131n do\u011fadaki kritik rol\u00fcne dikkat \u00e7ekerek,&nbsp;<strong><em>\u201cKar, do\u011fal bir rezervuar gibidir. Paray\u0131 birikime koymak gibi; hemen harcamak yerine zamanla de\u011fer kazan\u0131r\u201d<\/em><\/strong>&nbsp;dedi.<\/p>\n\n\n\n<p>Kar\u0131n yava\u015f erimesi sayesinde yaz aylar\u0131nda nehirleri, g\u00f6lleri ve yeralt\u0131 sular\u0131n\u0131 besledi\u011fini belirten Alexopoulos, bunun tar\u0131m, hidroelektrik \u00fcretimi ve g\u00fcnl\u00fck su ihtiyac\u0131 a\u00e7\u0131s\u0131ndan hayati \u00f6neme sahip oldu\u011funu vurgulad\u0131.<\/p>\n\n\n\n<h3 class=\"wp-block-heading\">\u0130klim Krizinin Zaman \u00c7izelgesi: Ya\u011f\u0131\u015flar Gecikiyor, Erime H\u0131zlan\u0131yor<\/h3>\n\n\n\n<p>Ara\u015ft\u0131rmaya g\u00f6re sadece kar miktar\u0131 azalm\u0131yor; ayn\u0131 zamanda kar sezonu da daral\u0131yor. S\u0131cakl\u0131klar\u0131n y\u00fcksek seyretmesi nedeniyle kar daha ge\u00e7 ya\u011f\u0131yor ve daha erken eriyor. Bu durum, \u00f6zellikle su kaynaklar\u0131na ba\u011f\u0131ml\u0131 b\u00f6lgelerde ciddi riskler yarat\u0131yor.<\/p>\n\n\n\n<p>Ara\u015ft\u0131rman\u0131n ortak yazarlar\u0131ndan<strong>&nbsp;Prof. Ian Willis<\/strong>&nbsp;ise s\u0131cakl\u0131k art\u0131\u015f\u0131n\u0131n ya\u011f\u0131\u015f t\u00fcr\u00fcn\u00fc do\u011frudan etkiledi\u011fini belirterek,&nbsp;<strong><em>\u201cS\u0131cakl\u0131k artt\u0131k\u00e7a ya\u011f\u0131\u015f\u0131n kar yerine ya\u011fmur olarak d\u00fc\u015fme ihtimali art\u0131yor. Biriken kar da daha h\u0131zl\u0131 eriyor\u201d<\/em><\/strong>&nbsp;dedi.<\/p>\n\n\n\n<h3 class=\"wp-block-heading\">Akdeniz&#8217;de Kurakl\u0131k Alarm\u0131: Yunanistan \u0130klim De\u011fi\u015fikli\u011finin Merkez \u00dcss\u00fc Konumunda<\/h3>\n\n\n\n<p>Yunanistan\u2019\u0131n iklim de\u011fi\u015fikli\u011finden en fazla etkilenen \u00fclkelerden biri oldu\u011fu belirtiliyor. K\u0131\u015f aylar\u0131nda s\u0131cakl\u0131klar\u0131n nadiren s\u0131f\u0131r\u0131n alt\u0131na d\u00fc\u015fmesi, ge\u00e7mi\u015fte kurakl\u0131\u011fa kar\u015f\u0131 koruyucu rol oynayan kar rezervlerinin h\u0131zla yok olmas\u0131na neden oluyor.<\/p>\n\n\n\n<p>Bilim insanlar\u0131, bu e\u011filimin devam etmesi halinde yaln\u0131zca su kaynaklar\u0131n\u0131n de\u011fil, ayn\u0131 zamanda b\u00f6lgedeki ekonomik faaliyetlerin\u2014\u00f6rne\u011fin kayak turizminin\u2014de ciddi \u015fekilde zarar g\u00f6rebilece\u011fi uyar\u0131s\u0131nda bulunuyor.<\/p>\n\n\n\n<p><a target=\"_blank\" rel=\"noreferrer noopener\"><\/a>Ara\u015ft\u0131rmac\u0131lara g\u00f6re, d\u00fcnya genelinde bir\u00e7ok da\u011fl\u0131k b\u00f6lgede yeterli \u00f6l\u00e7\u00fcm altyap\u0131s\u0131n\u0131n bulunmamas\u0131, bu de\u011fi\u015fimlerin tam olarak anla\u015f\u0131lmas\u0131n\u0131 zorla\u015ft\u0131r\u0131yor. Ancak geli\u015ftirilen yeni modelin, yerel veri olmasa bile bu t\u00fcr b\u00f6lgelerde g\u00fcvenilir analizler yap\u0131lmas\u0131na olanak sa\u011flayabilece\u011fi ifade ediliyor.<\/p>\n\n\n\n<p>01.04.2026,19.54<\/p>\n\n\n\n<p>Kaynak:<a href=\"https:\/\/www.cumhuriyet.com.tr\/dunya\/cambridge-li-bilim-insanlarindan-endise-verici-kesif-yunanistan-daglarindaki-kar-ortusu-hizla-yok-oluyor-2500150\">https:\/\/www.cumhuriyet.com.tr\/dunya\/cambridge-li-bilim-insanlarindan-endise-verici-kesif-yunanistan-daglarindaki-kar-ortusu-hizla-yok-oluyor-2500150<\/a><\/p>\n\n\n\n<p>Edit\u00f6r\u00fcn Notu: Cumhuriyet  Gazetesi\u2019nde yay\u0131mlanan bu haber, \u00f6z\u00fcne sad\u0131k kal\u0131narak yeniden d\u00fczenlenmi\u015ftir.<br><br><\/p>\n","protected":false},"excerpt":{"rendered":"<p>&#8220;Cambridge \u00dcniversitesi taraf\u0131ndan ger\u00e7ekle\u015ftirilen yapay zek\u00e2 destekli yeni bir ara\u015ft\u0131rma, iklim krizinin Akdeniz havzas\u0131ndaki y\u0131k\u0131c\u0131 etkilerini g\u00f6zler \u00f6n\u00fcne serdi. Uydu verileriyle yap\u0131lan analizlere g\u00f6re, Yunanistan&#8217;\u0131n da\u011fl\u0131k b\u00f6lgelerindeki kar \u00f6rt\u00fcs\u00fc artan s\u0131cakl\u0131klar nedeniyle son 40 y\u0131lda y\u00fczde 58 oran\u0131nda eridi. Bilim insanlar\u0131, do\u011fan\u0131n tatl\u0131 su rezervuar\u0131 olarak i\u015flev g\u00f6ren kar \u00f6rt\u00fcs\u00fcndeki bu dramatik d\u00fc\u015f\u00fc\u015f\u00fcn, b\u00f6lgedeki tatl\u0131 su kaynaklar\u0131, tar\u0131m ve ekonomik faaliyetler i\u00e7in ciddi bir tehdit olu\u015fturdu\u011fu konusunda uyar\u0131yor.&#8221;<\/p>\n","protected":false},"author":3,"featured_media":7815,"comment_status":"open","ping_status":"open","sticky":false,"template":"","format":"standard","meta":{"_jetpack_memberships_contains_paid_content":false,"footnotes":""},"categories":[3],"tags":[2389],"class_list":["post-7812","post","type-post","status-publish","format-standard","has-post-thumbnail","hentry","category-dunya","tag-iklimkrizi-dunyagundemi-cambridgeuniversitesi-cevrefelaketi-yunanistan-kureselisinma-dishaberler-bilimdunyasi"],"jetpack_featured_media_url":"https:\/\/dbsnewsmedia.com\/wp-content\/uploads\/2026\/05\/e36641e4-0de0-499d-9e13-d15369b78e43.jpg.webp","jetpack_sharing_enabled":true,"_links":{"self":[{"href":"https:\/\/dbsnewsmedia.com\/index.php?rest_route=\/wp\/v2\/posts\/7812","targetHints":{"allow":["GET"]}}],"collection":[{"href":"https:\/\/dbsnewsmedia.com\/index.php?rest_route=\/wp\/v2\/posts"}],"about":[{"href":"https:\/\/dbsnewsmedia.com\/index.php?rest_route=\/wp\/v2\/types\/post"}],"author":[{"embeddable":true,"href":"https:\/\/dbsnewsmedia.com\/index.php?rest_route=\/wp\/v2\/users\/3"}],"replies":[{"embeddable":true,"href":"https:\/\/dbsnewsmedia.com\/index.php?rest_route=%2Fwp%2Fv2%2Fcomments&post=7812"}],"version-history":[{"count":2,"href":"https:\/\/dbsnewsmedia.com\/index.php?rest_route=\/wp\/v2\/posts\/7812\/revisions"}],"predecessor-version":[{"id":7817,"href":"https:\/\/dbsnewsmedia.com\/index.php?rest_route=\/wp\/v2\/posts\/7812\/revisions\/7817"}],"wp:featuredmedia":[{"embeddable":true,"href":"https:\/\/dbsnewsmedia.com\/index.php?rest_route=\/wp\/v2\/media\/7815"}],"wp:attachment":[{"href":"https:\/\/dbsnewsmedia.com\/index.php?rest_route=%2Fwp%2Fv2%2Fmedia&parent=7812"}],"wp:term":[{"taxonomy":"category","embeddable":true,"href":"https:\/\/dbsnewsmedia.com\/index.php?rest_route=%2Fwp%2Fv2%2Fcategories&post=7812"},{"taxonomy":"post_tag","embeddable":true,"href":"https:\/\/dbsnewsmedia.com\/index.php?rest_route=%2Fwp%2Fv2%2Ftags&post=7812"}],"curies":[{"name":"wp","href":"https:\/\/api.w.org\/{rel}","templated":true}]}}