{"id":7818,"date":"2026-05-01T20:02:25","date_gmt":"2026-05-01T17:02:25","guid":{"rendered":"https:\/\/dbsnewsmedia.com\/?p=7818"},"modified":"2026-05-01T20:02:25","modified_gmt":"2026-05-01T17:02:25","slug":"tuik-2026-ilk-ceyrek-verilerini-acikladi-yurt-disina-giden-turk-turist-sayisinda-dikkat-ceken-artis","status":"publish","type":"post","link":"https:\/\/dbsnewsmedia.com\/?p=7818","title":{"rendered":"T\u00dc\u0130K 2026 \u0130lk \u00c7eyrek Verilerini A\u00e7\u0131klad\u0131: Yurt D\u0131\u015f\u0131na Giden T\u00fcrk Turist Say\u0131s\u0131nda Dikkat \u00c7eken Art\u0131\u015f"},"content":{"rendered":"\n<p>2026\u2019n\u0131n ilk \u00e7eyre\u011finde yurt d\u0131\u015f\u0131n\u0131 ziyaret eden T\u00fcrk vatanda\u015flar\u0131n\u0131n say\u0131s\u0131 y\u00fczde 13,1 artarak 2,9 milyona yakla\u015f\u0131rken, ki\u015fi ba\u015f\u0131 harcama 758 Dolar oldu.<\/p>\n\n\n\n<p><strong>T\u00dc\u0130K Verileri A\u00e7\u0131kland\u0131: D\u0131\u015f Turizm Talebi H\u0131z Kazan\u0131yor<\/strong><\/p>\n\n\n\n<p>T\u00fcrkiye \u0130statistik Kurumu (T\u00dc\u0130K), 2026 y\u0131l\u0131 ilk \u00e7eyre\u011fine ili\u015fkin turizm istatistiklerini a\u00e7\u0131klad\u0131. Veriler, turizm gelirinde art\u0131\u015f ya\u015fan\u0131rken \u00f6zellikle yurt d\u0131\u015f\u0131na \u00e7\u0131kan vatanda\u015f say\u0131s\u0131ndaki g\u00fc\u00e7l\u00fc y\u00fckseli\u015fe i\u015faret etti.<\/p>\n\n\n\n<p><strong>Rakamlarla \u0130lk \u00c7eyrek: 3 Ayda 2.9 Milyon Seyahat, 758 Dolar Ortalama Harcama<\/strong><\/p>\n\n\n\n<p>Buna g\u00f6re, Ocak-\u015eubat-Mart d\u00f6nemini kapsayan ilk \u00e7eyrekte yurt d\u0131\u015f\u0131n\u0131 ziyaret eden vatanda\u015f say\u0131s\u0131 ge\u00e7en y\u0131l\u0131n ayn\u0131 d\u00f6nemine g\u00f6re y\u00fczde 13,1 artarak 2 milyon 936 bin 279 ki\u015fiye ula\u015ft\u0131.<\/p>\n\n\n\n<p>Yurt d\u0131\u015f\u0131na \u00e7\u0131kan vatanda\u015flar\u0131n ki\u015fi ba\u015f\u0131 ortalama harcamas\u0131 ise 758 Dolar olarak ger\u00e7ekle\u015fti. Bu art\u0131\u015f, d\u0131\u015f turizm talebinin h\u0131z kazand\u0131\u011f\u0131n\u0131 ortaya koydu.<\/p>\n\n\n\n<p>01.04.2026,20.01<\/p>\n\n\n\n<p>Kaynak:<a href=\"https:\/\/www.turizmaktuel.com\/haber\/yurt-disini-ziyaret-eden-turk-turist-sayisi-yuzde-13-1-artti\">https:\/\/www.turizmaktuel.com\/haber\/yurt-disini-ziyaret-eden-turk-turist-sayisi-yuzde-13-1-artti<\/a><\/p>\n\n\n\n<p>Edit\u00f6r\u00fcn Notu: Turizm Akt\u00fcel Gazetesi\u2019nde yay\u0131mlanan bu haber, \u00f6z\u00fcne sad\u0131k kal\u0131narak yeniden d\u00fczenlenmi\u015ftir.<br><\/p>\n","protected":false},"excerpt":{"rendered":"<p>&#8220;T\u00fcrkiye \u0130statistik Kurumu&#8217;nun (T\u00dc\u0130K) 2026 y\u0131l\u0131 ilk \u00e7eyrek verilerine g\u00f6re, yurt d\u0131\u015f\u0131na seyahat eden T\u00fcrk vatanda\u015flar\u0131n\u0131n say\u0131s\u0131nda ciddi bir ivmelenme ya\u015fand\u0131. Ge\u00e7en y\u0131l\u0131n ayn\u0131 d\u00f6nemine oranla y\u00fczde 13,1 art\u0131\u015f g\u00f6stererek 3 milyona yakla\u015fan yurt d\u0131\u015f\u0131 seyahatlerinde, ki\u015fi ba\u015f\u0131 ortalama harcama ise 758 dolar olarak kaydedildi. Bu veriler, i\u00e7 pazar\u0131n yan\u0131 s\u0131ra d\u0131\u015f turizm (outbound) talebinin de giderek h\u0131z kazand\u0131\u011f\u0131n\u0131 ortaya koyuyor.&#8221;<\/p>\n","protected":false},"author":3,"featured_media":7819,"comment_status":"open","ping_status":"open","sticky":false,"template":"","format":"standard","meta":{"_jetpack_memberships_contains_paid_content":false,"footnotes":""},"categories":[11],"tags":[2390],"class_list":["post-7818","post","type-post","status-publish","format-standard","has-post-thumbnail","hentry","category-turizm","tag-turizmsektoru-tuik-turkturistler-yurtdisiseyahat-turizmistatistikleri-seyahatgundemi-outboundturizm-turizmekonomisi"],"jetpack_featured_media_url":"https:\/\/dbsnewsmedia.com\/wp-content\/uploads\/2026\/05\/image-17776341801526195872.jpg","jetpack_sharing_enabled":true,"_links":{"self":[{"href":"https:\/\/dbsnewsmedia.com\/index.php?rest_route=\/wp\/v2\/posts\/7818","targetHints":{"allow":["GET"]}}],"collection":[{"href":"https:\/\/dbsnewsmedia.com\/index.php?rest_route=\/wp\/v2\/posts"}],"about":[{"href":"https:\/\/dbsnewsmedia.com\/index.php?rest_route=\/wp\/v2\/types\/post"}],"author":[{"embeddable":true,"href":"https:\/\/dbsnewsmedia.com\/index.php?rest_route=\/wp\/v2\/users\/3"}],"replies":[{"embeddable":true,"href":"https:\/\/dbsnewsmedia.com\/index.php?rest_route=%2Fwp%2Fv2%2Fcomments&post=7818"}],"version-history":[{"count":1,"href":"https:\/\/dbsnewsmedia.com\/index.php?rest_route=\/wp\/v2\/posts\/7818\/revisions"}],"predecessor-version":[{"id":7820,"href":"https:\/\/dbsnewsmedia.com\/index.php?rest_route=\/wp\/v2\/posts\/7818\/revisions\/7820"}],"wp:featuredmedia":[{"embeddable":true,"href":"https:\/\/dbsnewsmedia.com\/index.php?rest_route=\/wp\/v2\/media\/7819"}],"wp:attachment":[{"href":"https:\/\/dbsnewsmedia.com\/index.php?rest_route=%2Fwp%2Fv2%2Fmedia&parent=7818"}],"wp:term":[{"taxonomy":"category","embeddable":true,"href":"https:\/\/dbsnewsmedia.com\/index.php?rest_route=%2Fwp%2Fv2%2Fcategories&post=7818"},{"taxonomy":"post_tag","embeddable":true,"href":"https:\/\/dbsnewsmedia.com\/index.php?rest_route=%2Fwp%2Fv2%2Ftags&post=7818"}],"curies":[{"name":"wp","href":"https:\/\/api.w.org\/{rel}","templated":true}]}}