{"id":7821,"date":"2026-05-01T20:06:28","date_gmt":"2026-05-01T17:06:28","guid":{"rendered":"https:\/\/dbsnewsmedia.com\/?p=7821"},"modified":"2026-05-01T20:06:28","modified_gmt":"2026-05-01T17:06:28","slug":"otel-ve-konaklama-tesislerinde-yeni-donem-vergi-orani-yuzde-1e-indirildi","status":"publish","type":"post","link":"https:\/\/dbsnewsmedia.com\/?p=7821","title":{"rendered":"Otel ve Konaklama Tesislerinde Yeni D\u00f6nem: Vergi Oran\u0131 Y\u00fczde 1&#8217;e \u0130ndirildi"},"content":{"rendered":"\n<p>Resmi Gazete&#8217;de yay\u0131mlanan &#8220;Cumhurba\u015fkan\u0131 Karar\u0131&#8221; ile Gelir Vergileri Kanunu&#8217;ndaki konaklama vergisinde d\u00fczenleme yap\u0131ld\u0131. Karara g\u00f6re, y\u00fczde 2 seviyesinde olan konaklama vergisi oran\u0131 31 Aral\u0131k 2026 tarihine kadar y\u00fczde 1&#8217;e d\u00fc\u015f\u00fcr\u00fcld\u00fc.<\/p>\n\n\n\n<p><strong>Konaklamada Vergi Y\u00fck\u00fc Hafifledi: Y\u00fczde 2&#8217;lik Oran Yar\u0131ya \u00c7ekildi<\/strong><\/p>\n\n\n\n<p>Konaklama vergisinin d\u00fc\u015f\u00fcr\u00fclmesine ili\u015fkin Cumhurba\u015fkan\u0131 karar\u0131 Resmi Gazete\u2019de yay\u0131mlanarak y\u00fcr\u00fcrl\u00fc\u011fe girdi.<\/p>\n\n\n\n<p>*\u0130ndirim 31 Aral\u0131k 2026\u2019ya kadar ge\u00e7erli olacak.<\/p>\n\n\n\n<p><strong>D\u00fczenleme Neleri Kaps\u0131yor? \u0130\u015fte \u0130ndirimden Faydalanacak O Tesisler<\/strong><\/p>\n\n\n\n<p>Gelir \u0130daresi Ba\u015fkanl\u0131\u011f\u0131\u2019n\u0131n aktard\u0131\u011f\u0131na g\u00f6re s\u00f6z konusu vergi a\u015fa\u011f\u0131daki tesislerden al\u0131n\u0131yor:<\/p>\n\n\n\n<p>*Oteller, tatil k\u00f6yleri, butik oteller, \u00f6zel konaklama tesisleri, moteller, pansiyonlar, apart oteller<\/p>\n\n\n\n<p>*Sa\u011fl\u0131kl\u0131 ya\u015fam tesisleri ile b\u00fcnyesinde konaklama tesisi bulunan termal tesisler<\/p>\n\n\n\n<p>*\u00c7iftlik evi, k\u00f6y evi, yayla evi, da\u011f evi, kampingler, konaklama ama\u00e7l\u0131 mesire yerleri<\/p>\n\n\n\n<p>*Turizm kompleksleri, tatil merkezleri, e\u011flence merkezleri, personel e\u011fitim tesisleri, \u00f6zel tesisler gibi geceleme hizmeti de sunan di\u011fer tesisler<\/p>\n\n\n\n<p>*Lojmanlar hari\u00e7; kamu ya da \u00f6zel sekt\u00f6r\u00fcn tasarrufundaki personelin konaklamas\u0131 i\u00e7in ayr\u0131lan misafirhane, konukevi, dinlenme tesisi, kamp gibi tesisler.<\/p>\n\n\n\n<p>01.04.2026,20.06<\/p>\n\n\n\n<p>Kaynak:<a href=\"https:\/\/www.turizmaktuel.com\/haber\/konaklama-vergisi-yuzde-1-e-dusuruldu\">https:\/\/www.turizmaktuel.com\/haber\/konaklama-vergisi-yuzde-1-e-dusuruldu<\/a><\/p>\n\n\n\n<p>Edit\u00f6r\u00fcn Notu: Turizm Akt\u00fcel  Gazetesi\u2019nde yay\u0131mlanan bu haber, \u00f6z\u00fcne sad\u0131k kal\u0131narak yeniden d\u00fczenlenmi\u015ftir.<br><\/p>\n","protected":false},"excerpt":{"rendered":"<p>&#8220;Turizm sekt\u00f6r\u00fcn\u00fc yak\u0131ndan ilgilendiren konaklama vergisinde beklenen indirim karar\u0131 Resmi Gazete&#8217;de yay\u0131mlanarak y\u00fcr\u00fcrl\u00fc\u011fe girdi. Yeni Cumhurba\u015fkan\u0131 Karar\u0131 ile y\u00fczde 2 olarak uygulanan vergi oran\u0131, 31 Aral\u0131k 2026 tarihine kadar y\u00fczde 1&#8217;e d\u00fc\u015f\u00fcr\u00fcld\u00fc. Otellerden tatil k\u00f6ylerine, kampinglerden termal tesislere kadar sekt\u00f6r\u00fcn neredeyse tamam\u0131n\u0131 kapsayan bu indirim, hem i\u015fletmeciler hem de tatilciler i\u00e7in maliyetleri hafifletecek.&#8221;<\/p>\n","protected":false},"author":3,"featured_media":7822,"comment_status":"open","ping_status":"open","sticky":false,"template":"","format":"standard","meta":{"_jetpack_memberships_contains_paid_content":false,"footnotes":""},"categories":[11],"tags":[2391],"class_list":["post-7821","post","type-post","status-publish","format-standard","has-post-thumbnail","hentry","category-turizm","tag-turizmekonomisi-konaklamavergisi-otelcilik-turizmsektoru-resmigazete-turizmhaberleri-tatil-mevzuat"],"jetpack_featured_media_url":"https:\/\/dbsnewsmedia.com\/wp-content\/uploads\/2026\/05\/image-17776260461759442887.jpg","jetpack_sharing_enabled":true,"_links":{"self":[{"href":"https:\/\/dbsnewsmedia.com\/index.php?rest_route=\/wp\/v2\/posts\/7821","targetHints":{"allow":["GET"]}}],"collection":[{"href":"https:\/\/dbsnewsmedia.com\/index.php?rest_route=\/wp\/v2\/posts"}],"about":[{"href":"https:\/\/dbsnewsmedia.com\/index.php?rest_route=\/wp\/v2\/types\/post"}],"author":[{"embeddable":true,"href":"https:\/\/dbsnewsmedia.com\/index.php?rest_route=\/wp\/v2\/users\/3"}],"replies":[{"embeddable":true,"href":"https:\/\/dbsnewsmedia.com\/index.php?rest_route=%2Fwp%2Fv2%2Fcomments&post=7821"}],"version-history":[{"count":1,"href":"https:\/\/dbsnewsmedia.com\/index.php?rest_route=\/wp\/v2\/posts\/7821\/revisions"}],"predecessor-version":[{"id":7823,"href":"https:\/\/dbsnewsmedia.com\/index.php?rest_route=\/wp\/v2\/posts\/7821\/revisions\/7823"}],"wp:featuredmedia":[{"embeddable":true,"href":"https:\/\/dbsnewsmedia.com\/index.php?rest_route=\/wp\/v2\/media\/7822"}],"wp:attachment":[{"href":"https:\/\/dbsnewsmedia.com\/index.php?rest_route=%2Fwp%2Fv2%2Fmedia&parent=7821"}],"wp:term":[{"taxonomy":"category","embeddable":true,"href":"https:\/\/dbsnewsmedia.com\/index.php?rest_route=%2Fwp%2Fv2%2Fcategories&post=7821"},{"taxonomy":"post_tag","embeddable":true,"href":"https:\/\/dbsnewsmedia.com\/index.php?rest_route=%2Fwp%2Fv2%2Ftags&post=7821"}],"curies":[{"name":"wp","href":"https:\/\/api.w.org\/{rel}","templated":true}]}}