{"id":7831,"date":"2026-05-01T22:29:36","date_gmt":"2026-05-01T19:29:36","guid":{"rendered":"https:\/\/dbsnewsmedia.com\/?p=7831"},"modified":"2026-05-01T22:29:36","modified_gmt":"2026-05-01T19:29:36","slug":"yeni-nesil-elektrikli-polo-sahnede-454-km-menzil-ve-fiyat-detaylari-belli-oldu","status":"publish","type":"post","link":"https:\/\/dbsnewsmedia.com\/?p=7831","title":{"rendered":"Yeni Nesil Elektrikli Polo Sahnede: 454 Km Menzil ve Fiyat Detaylar\u0131 Belli Oldu"},"content":{"rendered":"\n<h3 class=\"wp-block-heading\"><strong>Volkswagen, efsanevi Polo modelini elektrikli \u00e7a\u011fa ta\u015f\u0131yan ID.Polo\u2019yu tan\u0131tt\u0131. 454 km\u2019ye varan menzil, h\u0131zl\u0131 \u015farj deste\u011fi ve 25 bin Euro\u2019dan ba\u015flayan fiyat\u0131yla model, kompakt s\u0131n\u0131fta dengeleri de\u011fi\u015ftirmeye haz\u0131rlan\u0131yor.<\/strong><\/h3>\n\n\n\n<p>Volkswagen, markan\u0131n en ikonik ve en \u00e7ok satan modellerinden biri olan Polo\u2019yu tamamen elektrikli \u00e7a\u011fa ta\u015f\u0131yan yeni ID.Polo\u2019yu resmi olarak tan\u0131tt\u0131. 20 milyondan fazla sat\u0131\u015f adedine ula\u015fan Polo\u2019nun miras\u0131n\u0131 devralan model, modern elektrikli altyap\u0131s\u0131, geli\u015fmi\u015f teknolojileri ve eri\u015filebilir fiyat politikas\u0131yla dikkat \u00e7ekiyor. Almanya\u2019da 24.995 Euro\u2019dan ba\u015flayan fiyatlarla sat\u0131\u015fa sunulan ID.Polo, kompakt s\u0131n\u0131fta yeni bir d\u00f6nemin kap\u0131s\u0131n\u0131 aral\u0131yor.<\/p>\n\n\n\n<h4 class=\"wp-block-heading\"><strong>454 km\u2019ye varan menzil ve h\u0131zl\u0131 \u015farj avantaj\u0131<\/strong><\/h4>\n\n\n\n<p>Yeni ID.Polo, Volkswagen\u2019in MEB+ platformu \u00fczerine in\u015fa edildi ve \u00fc\u00e7 farkl\u0131 g\u00fc\u00e7 se\u00e7ene\u011fiyle geliyor. Giri\u015f seviyesinde 85 kW (116 HP) ve 99 kW (135 HP) g\u00fc\u00e7 \u00fcreten versiyonlar yer al\u0131rken, \u00fcst seviyede 155 kW (211 HP) g\u00fcc\u00fcnde bir se\u00e7enek sunuluyor. Batarya taraf\u0131nda ise iki farkl\u0131 teknoloji dikkat \u00e7ekiyor. Giri\u015f ve orta seviyede kullan\u0131lan 37 kWh net kapasiteli LFP batarya, 329 km\u2019ye kadar menzil sunarken, \u00fcst versiyonda yer alan 52 kWh net kapasiteli NMC batarya ile menzil 454 km\u2019ye kadar \u00e7\u0131k\u0131yor. DC h\u0131zl\u0131 \u015farj deste\u011fi sayesinde her iki batarya da yakla\u015f\u0131k 23-24 dakika i\u00e7erisinde %10\u2019dan %80\u2019e kadar \u015farj edilebiliyor.<\/p>\n\n\n<div class=\"wp-block-image\">\n<figure class=\"aligncenter\"><img decoding=\"async\" src=\"https:\/\/otogundem.com.tr\/wp-content\/uploads\/2026\/04\/VW-id-polo-otogundem-1.jpg\" alt=\"\" class=\"wp-image-21244\"\/><\/figure>\n<\/div>\n\n\n<h4 class=\"wp-block-heading\"><strong>MEB+ Platformuyla daha geni\u015f ve fonksiyonel ya\u015fam alan\u0131<\/strong><\/h4>\n\n\n\n<p>ID.Polo\u2019nun en dikkat \u00e7eken yeniliklerinden biri de i\u00e7 mekanda sundu\u011fu geni\u015flik oldu. 4.053 mm uzunlu\u011fa ve 2.600 mm aks mesafesine sahip model, MEB+ platformunun avantaj\u0131yla i\u00e7ten yanmal\u0131 Polo\u2019ya k\u0131yasla \u00e7ok daha verimli bir alan kullan\u0131m\u0131 sunuyor. Bagaj hacmi %25 art\u0131\u015fla 441 litreye y\u00fckselirken, arka koltuklar yat\u0131r\u0131ld\u0131\u011f\u0131nda bu alan 1.240 litreye kadar \u00e7\u0131k\u0131yor. Bu de\u011ferler, ID.Polo\u2019yu sadece \u015fehir i\u00e7i kullan\u0131m i\u00e7in de\u011fil, aile ve g\u00fcnl\u00fck ihtiya\u00e7lar i\u00e7in de daha iddial\u0131 bir noktaya ta\u015f\u0131yor.<\/p>\n\n\n<div class=\"wp-block-image\">\n<figure class=\"aligncenter\"><img decoding=\"async\" src=\"https:\/\/otogundem.com.tr\/wp-content\/uploads\/2026\/04\/VW-id-polo-otogundem-3.jpg\" alt=\"\" class=\"wp-image-21246\"\/><\/figure>\n<\/div>\n\n\n<h4 class=\"wp-block-heading\"><strong>Yeni tasar\u0131m dili: Pure Positive<\/strong><\/h4>\n\n\n\n<p>Volkswagen\u2019in yeni \u201cPure Positive\u201d tasar\u0131m anlay\u0131\u015f\u0131n\u0131 yans\u0131tan ilk seri \u00fcretim model olan ID.Polo, sade ama karakteristik hatlar\u0131yla \u00f6ne \u00e7\u0131k\u0131yor. \u0130lk Golf modeline g\u00f6nderme yapan C s\u00fctunu tasar\u0131m\u0131, modern LED ayd\u0131nlatma imzas\u0131 ve g\u00fc\u00e7l\u00fc arka tasar\u0131m, modelin hem ge\u00e7mi\u015fe hem de gelece\u011fe ayn\u0131 anda vurgu yapmas\u0131n\u0131 sa\u011fl\u0131yor.<\/p>\n\n\n\n<h4 class=\"wp-block-heading\"><strong>Dijital kokpit ve geli\u015fmi\u015f multimedya<\/strong><\/h4>\n\n\n\n<p>\u0130\u00e7 mekanda tamamen dijital bir deneyim sunan ID.Polo, 10 in\u00e7lik dijital g\u00f6sterge paneli ve 13 in\u00e7lik b\u00fcy\u00fck multimedya ekran\u0131yla geliyor. Yeni nesil bilgi-e\u011flence sistemi, hem s\u00fcr\u00fcc\u00fc hem de yolcu i\u00e7in kolay eri\u015fim sa\u011flarken, grafik kalitesi ve kullan\u0131m kolayl\u0131\u011f\u0131yla dikkat \u00e7ekiyor. Ayr\u0131ca nostaljik bir dokunu\u015f sunan \u201cretro ekran\u201d modu, ilk Golf modellerinin tasar\u0131m\u0131n\u0131 dijital ortama ta\u015f\u0131yor.<\/p>\n\n\n<div class=\"wp-block-image\">\n<figure class=\"aligncenter\"><img decoding=\"async\" src=\"https:\/\/otogundem.com.tr\/wp-content\/uploads\/2026\/04\/VW-id-polo-otogundem-7.jpg\" alt=\"\" class=\"wp-image-21249\"\/><\/figure>\n<\/div>\n\n\n<h4 class=\"wp-block-heading\"><strong>S\u00fcr\u00fc\u015f destek sistemlerinde yeni seviye<\/strong><\/h4>\n\n\n\n<p>ID.Polo, segmentinde fark yaratacak s\u00fcr\u00fc\u015f destek sistemleriyle donat\u0131lm\u0131\u015f durumda. Yeni nesil Travel Assist sistemi, hem boylamsal hem de yanal kontrol sa\u011flayarak yar\u0131 otonom s\u00fcr\u00fc\u015f deneyimini ileri ta\u015f\u0131yor. \u00d6zellikle trafik \u0131\u015f\u0131\u011f\u0131 tan\u0131ma \u00f6zelli\u011fi, bu segmentte ilk kez sunulan yeniliklerden biri olarak \u00f6ne \u00e7\u0131k\u0131yor. Bunun yan\u0131nda tek pedall\u0131 s\u00fcr\u00fc\u015f sistemi de standart olarak sunuluyor ve s\u00fcr\u00fc\u015f konforunu art\u0131r\u0131yor.<\/p>\n\n\n\n<h4 class=\"wp-block-heading\"><strong>Donan\u0131m seviyeleri: Trend, Life ve Style<\/strong><\/h4>\n\n\n\n<p>Giri\u015f seviyesi Trend donan\u0131mda bile olduk\u00e7a zengin bir ekipman listesi sunuluyor. LED farlar, 10 in\u00e7 dijital ekran, 13 in\u00e7 multimedya sistemi, otomatik klima ve s\u00fcr\u00fc\u015f destek sistemleri standart olarak geliyor. Life donan\u0131m seviyesinde adaptif h\u0131z sabitleyici, geri g\u00f6r\u00fc\u015f kameras\u0131, kablosuz \u015farj ve ak\u0131ll\u0131 telefon entegrasyonu gibi \u00f6zellikler ekleniyor. En \u00fcst donan\u0131m seviyesi olan Style ise IQ.LIGHT LED matris farlar, ambiyans ayd\u0131nlatma, \u0131s\u0131tmal\u0131 koltuk ve direksiyon, iki b\u00f6lgeli klima gibi premium detaylarla \u00f6ne \u00e7\u0131k\u0131yor.<\/p>\n\n\n<div class=\"wp-block-image\">\n<figure class=\"aligncenter\"><img decoding=\"async\" src=\"https:\/\/otogundem.com.tr\/wp-content\/uploads\/2026\/04\/VW-id-polo-otogundem-8.jpg\" alt=\"\" class=\"wp-image-21250\"\/><\/figure>\n<\/div>\n\n\n<h4 class=\"wp-block-heading\"><strong>\u00dcst segmentten gelen opsiyonlar<\/strong><\/h4>\n\n\n\n<p>ID.Polo\u2019nun opsiyon listesi de dikkat \u00e7ekici. 425 watt g\u00fcc\u00fcnde Harman Kardon ses sistemi, panoramik cam tavan ve 12 y\u00f6nl\u00fc ayarlanabilir, masaj fonksiyonlu koltuklar gibi \u00f6zellikler kompakt s\u0131n\u0131fta fark yarat\u0131yor.<\/p>\n\n\n<div class=\"wp-block-image\">\n<figure class=\"aligncenter\"><img decoding=\"async\" src=\"https:\/\/otogundem.com.tr\/wp-content\/uploads\/2026\/04\/VW-id-polo-otogundem-5.jpg\" alt=\"\" class=\"wp-image-21248\"\/><\/figure>\n<\/div>\n\n\n<h4 class=\"wp-block-heading\"><strong>Ara\u00e7tan y\u00fcke \u00f6zelli\u011fi ile mobil enerji<\/strong><\/h4>\n\n\n\n<p>Yeni model, \u201cvehicle-to-load\u201d yani ara\u00e7tan y\u00fcke enerji aktar\u0131m\u0131 \u00f6zelli\u011fiyle de \u00f6ne \u00e7\u0131k\u0131yor. 3.6 kW\u2019a kadar g\u00fc\u00e7 sa\u011flayabilen sistem, elektrikli bisikletlerden kamp ekipmanlar\u0131na kadar bir\u00e7ok cihaz\u0131n ara\u00e7 \u00fczerinden \u00e7al\u0131\u015ft\u0131r\u0131lmas\u0131na imkan tan\u0131yor.<\/p>\n\n\n<div class=\"wp-block-image\">\n<figure class=\"aligncenter\"><img decoding=\"async\" src=\"https:\/\/otogundem.com.tr\/wp-content\/uploads\/2026\/04\/VW-id-polo-otogundem-4.jpg\" alt=\"\" class=\"wp-image-21247\"\/><\/figure>\n<\/div>\n\n\n<h4 class=\"wp-block-heading\"><strong>Fiyat ve sat\u0131\u015f tarihi<\/strong><\/h4>\n\n\n\n<p>Volkswagen ID.Polo\u2019nun Almanya\u2019da \u00f6n sipari\u015fleri 29 Nisan 2026 itibar\u0131yla ba\u015flad\u0131. Lansman a\u015famas\u0131nda 211 HP g\u00fcc\u00fcndeki Life versiyonu 33.795 Euro\u2019dan sat\u0131\u015fa sunulurken, giri\u015f seviyesinin ba\u015flang\u0131\u00e7 fiyat\u0131 24.995 Euro olarak a\u00e7\u0131kland\u0131. Elektrikli mobiliteyi daha geni\u015f kitlelere ula\u015ft\u0131rmay\u0131 hedefleyen model, Volkswagen\u2019in bu alandaki en kritik hamlelerinden biri olarak konumlan\u0131yor.<\/p>\n\n\n\n<p>01.05.2026 22:29<\/p>\n\n\n\n<p>Kaynak: <a href=\"https:\/\/otogundem.com.tr\/volkswagen-id-polo-tanitildi-454-km-menzil-25-bin-euro-baslangic-fiyati\/21243\/\">https:\/\/otogundem.com.tr\/volkswagen-id-polo-tanitildi-454-km-menzil-25-bin-euro-baslangic-fiyati\/21243\/<\/a><\/p>\n","protected":false},"excerpt":{"rendered":"<p>Volkswagen, efsanevi Polo modelini elektrikli \u00e7a\u011fa ta\u015f\u0131yan ID.Polo\u2019yu tan\u0131tt\u0131. 454 km\u2019ye varan menzil, h\u0131zl\u0131 \u015farj deste\u011fi ve 25 bin Euro\u2019dan ba\u015flayan fiyat\u0131yla model, kompakt s\u0131n\u0131fta dengeleri de\u011fi\u015ftirmeye haz\u0131rlan\u0131yor. Volkswagen, markan\u0131n en ikonik ve en \u00e7ok satan modellerinden biri olan Polo\u2019yu tamamen elektrikli \u00e7a\u011fa ta\u015f\u0131yan yeni ID.Polo\u2019yu resmi olarak tan\u0131tt\u0131. 20 milyondan fazla sat\u0131\u015f adedine ula\u015fan&#8230;<\/p>\n","protected":false},"author":2,"featured_media":7832,"comment_status":"open","ping_status":"open","sticky":false,"template":"","format":"standard","meta":{"_jetpack_memberships_contains_paid_content":false,"footnotes":""},"categories":[9],"tags":[2394,102],"class_list":["post-7831","post","type-post","status-publish","format-standard","has-post-thumbnail","hentry","category-otomobil","tag-id-polo","tag-volkswagen"],"jetpack_featured_media_url":"https:\/\/dbsnewsmedia.com\/wp-content\/uploads\/2026\/05\/VW-id-polo-otogundem-2.jpg","jetpack_sharing_enabled":true,"_links":{"self":[{"href":"https:\/\/dbsnewsmedia.com\/index.php?rest_route=\/wp\/v2\/posts\/7831","targetHints":{"allow":["GET"]}}],"collection":[{"href":"https:\/\/dbsnewsmedia.com\/index.php?rest_route=\/wp\/v2\/posts"}],"about":[{"href":"https:\/\/dbsnewsmedia.com\/index.php?rest_route=\/wp\/v2\/types\/post"}],"author":[{"embeddable":true,"href":"https:\/\/dbsnewsmedia.com\/index.php?rest_route=\/wp\/v2\/users\/2"}],"replies":[{"embeddable":true,"href":"https:\/\/dbsnewsmedia.com\/index.php?rest_route=%2Fwp%2Fv2%2Fcomments&post=7831"}],"version-history":[{"count":1,"href":"https:\/\/dbsnewsmedia.com\/index.php?rest_route=\/wp\/v2\/posts\/7831\/revisions"}],"predecessor-version":[{"id":7833,"href":"https:\/\/dbsnewsmedia.com\/index.php?rest_route=\/wp\/v2\/posts\/7831\/revisions\/7833"}],"wp:featuredmedia":[{"embeddable":true,"href":"https:\/\/dbsnewsmedia.com\/index.php?rest_route=\/wp\/v2\/media\/7832"}],"wp:attachment":[{"href":"https:\/\/dbsnewsmedia.com\/index.php?rest_route=%2Fwp%2Fv2%2Fmedia&parent=7831"}],"wp:term":[{"taxonomy":"category","embeddable":true,"href":"https:\/\/dbsnewsmedia.com\/index.php?rest_route=%2Fwp%2Fv2%2Fcategories&post=7831"},{"taxonomy":"post_tag","embeddable":true,"href":"https:\/\/dbsnewsmedia.com\/index.php?rest_route=%2Fwp%2Fv2%2Ftags&post=7831"}],"curies":[{"name":"wp","href":"https:\/\/api.w.org\/{rel}","templated":true}]}}