{"id":7843,"date":"2026-05-01T22:50:25","date_gmt":"2026-05-01T19:50:25","guid":{"rendered":"https:\/\/dbsnewsmedia.com\/?p=7843"},"modified":"2026-05-01T22:50:25","modified_gmt":"2026-05-01T19:50:25","slug":"60-yillik-efsane-model-icin-uretim-hamlesi","status":"publish","type":"post","link":"https:\/\/dbsnewsmedia.com\/?p=7843","title":{"rendered":"60 Y\u0131ll\u0131k Efsane Model \u0130\u00e7in \u00dcretim Hamlesi"},"content":{"rendered":"\n<p><strong>Japonya merkezli otomotiv \u00fcreticisi, \u00fcretim stratejisinde \u00f6nemli bir de\u011fi\u015fikli\u011fe giderek yeni montaj tesisleri kurmaya haz\u0131rlan\u0131yor. Bu kapsamda \u015firketin, k\u00f6kl\u00fc model i\u00e7in \u00fc\u00e7 ayr\u0131 fabrika ile kapasitesini art\u0131rmay\u0131 hedefledi\u011fi belirtiliyor.<\/strong><\/p>\n\n\n\n<p>Toyota, d\u00fcnyan\u0131n en uzun soluklu otomobil hik\u00e2yelerinden biri olan Corolla modelini yeni bir \u00fcretim hamlesiyle Hindistan merkezli b\u00fcy\u00fcme plan\u0131n\u0131n oda\u011f\u0131na yerle\u015ftiriyor. Japon otomotiv devi, \u00fclkede \u00fc\u00e7 yeni ara\u00e7 montaj fabrikas\u0131 kurarak hem i\u00e7 pazara hem de ihracata y\u00f6nelik \u00fcretim kapasitesini art\u0131rmay\u0131 hedefliyor.<\/p>\n\n\n\n<h2 class=\"wp-block-heading\">COROLLA \u0130\u00c7\u0130N YEN\u0130 \u00dcRET\u0130M \u00dcSS\u00dc H\u0130ND\u0130STAN OLACAK<\/h2>\n\n\n\n<p>Toyota\u2019n\u0131n Hindistan\u2019da kuraca\u011f\u0131 yeni tesislerde \u00f6ne \u00e7\u0131kacak modellerden biri Corolla olacak. Bu kez \u00fcretim band\u0131ndan yaln\u0131zca klasik sedan versiyonlar de\u011fil, geli\u015fmekte olan pazarlara hitap eden \u00fc\u00e7 s\u0131ral\u0131 SUV g\u00f6vdeli yeni Corolla modeli de \u00e7\u0131kacak.<\/p>\n\n\n\n<p>\u00d6zellikle geni\u015f aile kullan\u0131m\u0131n\u0131n yayg\u0131n oldu\u011fu Hindistan, Orta Do\u011fu ve Afrika pazarlar\u0131nda talep g\u00f6ren yedi koltuklu ara\u00e7 segmentine odaklanan Toyota, Corolla ad\u0131n\u0131 farkl\u0131 bir g\u00f6vde yap\u0131s\u0131yla yeniden konumland\u0131rmay\u0131 planl\u0131yor.<\/p>\n\n\n\n<figure class=\"wp-block-image\"><img loading=\"lazy\" decoding=\"async\" width=\"1200\" height=\"675\" src=\"https:\/\/dbsnewsmedia.com\/wp-content\/uploads\/2026\/05\/yeni-proje-8png-yMrVfRdD-kO7j0aRGZzNcA.png\" alt=\"\" class=\"wp-image-7845\" srcset=\"https:\/\/dbsnewsmedia.com\/wp-content\/uploads\/2026\/05\/yeni-proje-8png-yMrVfRdD-kO7j0aRGZzNcA.png 1200w, https:\/\/dbsnewsmedia.com\/wp-content\/uploads\/2026\/05\/yeni-proje-8png-yMrVfRdD-kO7j0aRGZzNcA-300x169.png 300w, https:\/\/dbsnewsmedia.com\/wp-content\/uploads\/2026\/05\/yeni-proje-8png-yMrVfRdD-kO7j0aRGZzNcA-1024x576.png 1024w, https:\/\/dbsnewsmedia.com\/wp-content\/uploads\/2026\/05\/yeni-proje-8png-yMrVfRdD-kO7j0aRGZzNcA-768x432.png 768w\" sizes=\"auto, (max-width: 1200px) 100vw, 1200px\" \/><\/figure>\n\n\n\n<h2 class=\"wp-block-heading\">\u00dc\u00c7 YEN\u0130 FABR\u0130KA \u0130LE \u00dcRET\u0130M G\u00dcC\u00dc ARTACAK<\/h2>\n\n\n\n<p>Toyota\u2019n\u0131n yeni yat\u0131r\u0131m plan\u0131 kapsam\u0131nda Hindistan\u2019\u0131n Maharashtra eyaletinde \u00fc\u00e7 yeni montaj tesisi kurulacak. \u0130lk fabrikan\u0131n 2029 y\u0131l\u0131nda faaliyete ge\u00e7mesi beklenirken, di\u011fer iki tesisin ise 2030\u2019lu y\u0131llarda \u00fcretime ba\u015flamas\u0131 planlan\u0131yor.<\/p>\n\n\n\n<p>Yeni yat\u0131r\u0131mla birlikte Toyota\u2019n\u0131n Hindistan\u2019daki toplam fabrika say\u0131s\u0131 alt\u0131ya y\u00fckselecek. \u015eirketin g\u00fcney b\u00f6lgelerde bulunan mevcut \u00fc\u00e7 tesisi daha \u00e7ok i\u00e7 pazara y\u00f6nelik \u00fcretim ger\u00e7ekle\u015ftirirken, Maharashtra\u2019daki yeni fabrikalar ihracat odakl\u0131 \u00e7al\u0131\u015facak.<\/p>\n\n\n\n<h2 class=\"wp-block-heading\">H\u0130ND\u0130STAN, ORTA DO\u011eU VE AFR\u0130KA \u0130\u00c7\u0130N \u0130HRACAT MERKEZ\u0130NE D\u00d6N\u00dc\u015eECEK<\/h2>\n\n\n\n<p>Toyota\u2019n\u0131n Hindistan\u2019daki yeni tesisleri yaln\u0131zca yerel sat\u0131\u015flara y\u00f6nelik olmayacak. \u015eirket, bu fabrikalar\u0131 ayn\u0131 zamanda ihracat merkezi olarak konumland\u0131rmay\u0131 planl\u0131yor.<\/p>\n\n\n\n<p>Yeni \u00fcretim \u00fcslerinden \u00e7\u0131kacak ara\u00e7lar Hindistan pazar\u0131n\u0131n yan\u0131 s\u0131ra Orta Do\u011fu ve Afrika \u00fclkelerine de g\u00f6nderilecek. Bu stratejiyle Toyota, ABD ve \u00c7in gibi b\u00fcy\u00fcme h\u0131z\u0131n\u0131n yava\u015flad\u0131\u011f\u0131 pazarlara ba\u011f\u0131ml\u0131l\u0131\u011f\u0131 azaltmay\u0131 hedefliyor.<\/p>\n\n\n\n<figure class=\"wp-block-image\"><img loading=\"lazy\" decoding=\"async\" width=\"1200\" height=\"675\" src=\"https:\/\/dbsnewsmedia.com\/wp-content\/uploads\/2026\/05\/yeni-proje-9png-N4cdgM06IUyyNuHGqKylJQ.png\" alt=\"\" class=\"wp-image-7846\" srcset=\"https:\/\/dbsnewsmedia.com\/wp-content\/uploads\/2026\/05\/yeni-proje-9png-N4cdgM06IUyyNuHGqKylJQ.png 1200w, https:\/\/dbsnewsmedia.com\/wp-content\/uploads\/2026\/05\/yeni-proje-9png-N4cdgM06IUyyNuHGqKylJQ-300x169.png 300w, https:\/\/dbsnewsmedia.com\/wp-content\/uploads\/2026\/05\/yeni-proje-9png-N4cdgM06IUyyNuHGqKylJQ-1024x576.png 1024w, https:\/\/dbsnewsmedia.com\/wp-content\/uploads\/2026\/05\/yeni-proje-9png-N4cdgM06IUyyNuHGqKylJQ-768x432.png 768w\" sizes=\"auto, (max-width: 1200px) 100vw, 1200px\" \/><\/figure>\n\n\n\n<h2 class=\"wp-block-heading\">300 M\u0130LYAR YENL\u0130K YATIRIM<\/h2>\n\n\n\n<p>Toyota\u2019n\u0131n Hindistan\u2019daki \u00fc\u00e7 yeni fabrika i\u00e7in yakla\u015f\u0131k 300 milyar yenlik, yani yakla\u015f\u0131k 1,9 milyar dolarl\u0131k yat\u0131r\u0131m yapaca\u011f\u0131 \u00f6ng\u00f6r\u00fcl\u00fcyor.<\/p>\n\n\n\n<h2 class=\"wp-block-heading\">\u015eARJ ED\u0130LEB\u0130L\u0130R H\u0130BR\u0130T MODELLER DE \u00dcRET\u0130LECEK<\/h2>\n\n\n\n<p>Yeni tesislerde yaln\u0131zca geleneksel i\u00e7ten yanmal\u0131 motorlu ara\u00e7lar de\u011fil, \u00e7evreci teknolojilere sahip modeller de \u00fcretilecek. Toyota\u2019n\u0131n planlar\u0131 aras\u0131nda \u015farj edilebilir hibrit ara\u00e7lar\u0131n \u00fcretimi de bulunuyor.<\/p>\n\n\n\n<h2 class=\"wp-block-heading\">60 YILLIK COROLLA EFSANES\u0130 YEN\u0130 D\u00d6NEME G\u0130R\u0130YOR<\/h2>\n\n\n\n<p>\u0130lk kez 1966 y\u0131l\u0131nda tan\u0131t\u0131lan Corolla, Toyota\u2019n\u0131n d\u00fcnya \u00e7ap\u0131nda en \u00e7ok bilinen ve en fazla sat\u0131lan modelleri aras\u0131nda yer al\u0131yor. Y\u0131llar i\u00e7inde sedan, hatchback ve station wagon gibi farkl\u0131 g\u00f6vde tipleriyle milyonlarca kullan\u0131c\u0131ya ula\u015fan model, otomotiv sekt\u00f6r\u00fcn\u00fcn en g\u00fc\u00e7l\u00fc isimlerinden biri haline geldi.<\/p>\n\n\n\n<p>Toyota \u015fimdi ise Corolla markas\u0131n\u0131 yeni pazarlara ve yeni segmentlere ta\u015f\u0131yarak modelin hik\u00e2yesini farkl\u0131 bir boyuta ta\u015f\u0131maya haz\u0131rlan\u0131yor. \u00dc\u00e7 s\u0131ral\u0131 SUV g\u00f6vdesiyle \u00fcretilecek yeni Corolla, \u00f6zellikle geni\u015f aile kullan\u0131m\u0131n\u0131n yayg\u0131n oldu\u011fu pazarlarda markan\u0131n b\u00fcy\u00fcme stratejisinde \u00f6nemli rol oynayacak.<\/p>\n\n\n\n<p>01.05.2026 22:50<\/p>\n\n\n\n<p>Karde\u015f Haber Kaynak: <a href=\"https:\/\/dumendenhaber.com.tr\/2026\/05\/01\/60-yillik-efsane-model-icin-uretim-hamlesi\/\">https:\/\/dumendenhaber.com.tr\/2026\/05\/01\/60-yillik-efsane-model-icin-uretim-hamlesi\/<\/a><\/p>\n","protected":false},"excerpt":{"rendered":"<p>Japonya merkezli otomotiv \u00fcreticisi, \u00fcretim stratejisinde \u00f6nemli bir de\u011fi\u015fikli\u011fe giderek yeni montaj tesisleri kurmaya haz\u0131rlan\u0131yor. Bu kapsamda \u015firketin, k\u00f6kl\u00fc model i\u00e7in \u00fc\u00e7 ayr\u0131 fabrika ile kapasitesini art\u0131rmay\u0131 hedefledi\u011fi belirtiliyor. Toyota, d\u00fcnyan\u0131n en uzun soluklu otomobil hik\u00e2yelerinden biri olan Corolla modelini yeni bir \u00fcretim hamlesiyle Hindistan merkezli b\u00fcy\u00fcme plan\u0131n\u0131n oda\u011f\u0131na yerle\u015ftiriyor. Japon otomotiv devi, \u00fclkede \u00fc\u00e7&#8230;<\/p>\n","protected":false},"author":2,"featured_media":7844,"comment_status":"open","ping_status":"open","sticky":false,"template":"","format":"standard","meta":{"_jetpack_memberships_contains_paid_content":false,"footnotes":""},"categories":[9],"tags":[2396,808],"class_list":["post-7843","post","type-post","status-publish","format-standard","has-post-thumbnail","hentry","category-otomobil","tag-corolla","tag-toyota"],"jetpack_featured_media_url":"https:\/\/dbsnewsmedia.com\/wp-content\/uploads\/2026\/05\/yeni-proje-7png-2xD7_PeRq0K5BYdTIHAxzw-768x432-1.webp","jetpack_sharing_enabled":true,"_links":{"self":[{"href":"https:\/\/dbsnewsmedia.com\/index.php?rest_route=\/wp\/v2\/posts\/7843","targetHints":{"allow":["GET"]}}],"collection":[{"href":"https:\/\/dbsnewsmedia.com\/index.php?rest_route=\/wp\/v2\/posts"}],"about":[{"href":"https:\/\/dbsnewsmedia.com\/index.php?rest_route=\/wp\/v2\/types\/post"}],"author":[{"embeddable":true,"href":"https:\/\/dbsnewsmedia.com\/index.php?rest_route=\/wp\/v2\/users\/2"}],"replies":[{"embeddable":true,"href":"https:\/\/dbsnewsmedia.com\/index.php?rest_route=%2Fwp%2Fv2%2Fcomments&post=7843"}],"version-history":[{"count":1,"href":"https:\/\/dbsnewsmedia.com\/index.php?rest_route=\/wp\/v2\/posts\/7843\/revisions"}],"predecessor-version":[{"id":7847,"href":"https:\/\/dbsnewsmedia.com\/index.php?rest_route=\/wp\/v2\/posts\/7843\/revisions\/7847"}],"wp:featuredmedia":[{"embeddable":true,"href":"https:\/\/dbsnewsmedia.com\/index.php?rest_route=\/wp\/v2\/media\/7844"}],"wp:attachment":[{"href":"https:\/\/dbsnewsmedia.com\/index.php?rest_route=%2Fwp%2Fv2%2Fmedia&parent=7843"}],"wp:term":[{"taxonomy":"category","embeddable":true,"href":"https:\/\/dbsnewsmedia.com\/index.php?rest_route=%2Fwp%2Fv2%2Fcategories&post=7843"},{"taxonomy":"post_tag","embeddable":true,"href":"https:\/\/dbsnewsmedia.com\/index.php?rest_route=%2Fwp%2Fv2%2Ftags&post=7843"}],"curies":[{"name":"wp","href":"https:\/\/api.w.org\/{rel}","templated":true}]}}