{"id":7857,"date":"2026-05-02T15:48:40","date_gmt":"2026-05-02T12:48:40","guid":{"rendered":"https:\/\/dbsnewsmedia.com\/?p=7857"},"modified":"2026-05-02T15:48:40","modified_gmt":"2026-05-02T12:48:40","slug":"ilk-yerli-zurafa-yavrusuna-cinar-ismi-verildi","status":"publish","type":"post","link":"https:\/\/dbsnewsmedia.com\/?p=7857","title":{"rendered":"\u0130lk Yerli Z\u00fcrafa Yavrusuna \u201c\u00c7\u0131nar\u201d \u0130smi Verildi"},"content":{"rendered":"\n<p class=\"has-medium-font-size\"><strong>Gaziantep Do\u011fal Ya\u015fam Park\u0131\u2019nda d\u00fcnyaya gelen ve T\u00fcrkiye\u2019de do\u011fan ilk erkek z\u00fcrafa yavrusu olma \u00f6zelli\u011fini ta\u015f\u0131yan minik z\u00fcrafan\u0131n ad\u0131, sosyal medya \u00fczerinden yap\u0131lan oylamayla \u201c\u00c7\u0131nar\u201d olarak belirlendi. B\u00fcy\u00fck ilgi g\u00f6ren ankette vatanda\u015flar\u0131n oylar\u0131yla se\u00e7ilen \u00c7\u0131nar, k\u0131sa s\u00fcrede park\u0131n en sevilen canl\u0131lar\u0131ndan biri oldu.<\/strong><\/p>\n\n\n\n<p>T\u00fcrkiye\u2019nin en b\u00fcy\u00fck, d\u00fcnyan\u0131n ise d\u00f6rd\u00fcnc\u00fc b\u00fcy\u00fck do\u011fal ya\u015fam alan\u0131 olan Gaziantep Do\u011fal Ya\u015fam Park\u0131, tarihi bir do\u011fuma ev sahipli\u011fi yapt\u0131. Ya\u015fam park\u0131n\u0131n sakinlerinden di\u015fi z\u00fcrafa &#8220;Selvi&#8221;nin 15 ayl\u0131k hamilelik s\u00fcrecinin ard\u0131ndan sa\u011fl\u0131kl\u0131 bir erkek yavru d\u00fcnyaya getirmesiyle T\u00fcrkiye\u2019de ilk kez bir z\u00fcrafa do\u011fumu ger\u00e7ekle\u015fmi\u015f oldu. Yavrunun ismi i\u00e7in Gaziantep B\u00fcy\u00fck\u015fehir Belediyesi taraf\u0131ndan sosyal medya \u00fczerinden d\u00fczenlenen anket sonu\u00e7land\u0131. B\u00fcy\u00fck\u015fehir Belediye Ba\u015fkan\u0131 Fatma \u015eahin, ankete kat\u0131lan binlerce vatanda\u015f\u0131n ortak karar\u0131yla yavru z\u00fcrafan\u0131n isminin &#8220;\u00c7\u0131nar&#8221; olarak belirlendi\u011fini duyurdu.<\/p>\n\n\n\n<figure class=\"wp-block-image size-large\"><img loading=\"lazy\" decoding=\"async\" width=\"1024\" height=\"576\" src=\"https:\/\/dbsnewsmedia.com\/wp-content\/uploads\/2026\/05\/image-4-1024x576.png\" alt=\"\" class=\"wp-image-7858\" srcset=\"https:\/\/dbsnewsmedia.com\/wp-content\/uploads\/2026\/05\/image-4-1024x576.png 1024w, https:\/\/dbsnewsmedia.com\/wp-content\/uploads\/2026\/05\/image-4-300x169.png 300w, https:\/\/dbsnewsmedia.com\/wp-content\/uploads\/2026\/05\/image-4-768x432.png 768w, https:\/\/dbsnewsmedia.com\/wp-content\/uploads\/2026\/05\/image-4-1536x864.png 1536w, https:\/\/dbsnewsmedia.com\/wp-content\/uploads\/2026\/05\/image-4.png 1920w\" sizes=\"auto, (max-width: 1024px) 100vw, 1024px\" \/><\/figure>\n\n\n\n<h2 class=\"wp-block-heading\">SEVG\u0130L\u0130LER G\u00dcN\u00dc\u2019NDE GELEN EN G\u00dcZEL S\u00dcRPR\u0130Z<\/h2>\n\n\n\n<p>Do\u011fal Hayat\u0131 Koruma Dairesi Ba\u015fkan\u0131 Celal \u00d6zs\u00f6yler, do\u011fum s\u00fcrecine ili\u015fkin yapt\u0131\u011f\u0131 a\u00e7\u0131klamada, s\u00fcrecin hem duygusal hem de teknik detaylar\u0131n\u0131 payla\u015ft\u0131. Anne z\u00fcrafa Selvi\u2019nin hamileli\u011fi devam ederken, park\u0131n sembol isimlerinden olan baba z\u00fcrafa &#8220;\u015eakir&#8221;in fizyolojik \u00f6mr\u00fcn\u00fc tamamlayarak hayat\u0131n\u0131 kaybetti\u011fini hat\u0131rlatan \u00d6zs\u00f6yler, yavrunun 14 \u015eubat Sevgililer G\u00fcn\u00fc\u2019nde d\u00fcnyaya gelmesinin t\u00fcm personel i\u00e7in b\u00fcy\u00fck bir moral oldu\u011funu ifade etti. Gece saatlerinde ba\u015flayan ve yakla\u015f\u0131k 1,5 saat s\u00fcren ba\u015far\u0131l\u0131 bir do\u011fumla hayata g\u00f6zlerini a\u00e7an \u00c7\u0131nar\u2019\u0131n sa\u011fl\u0131k durumunun olduk\u00e7a iyi oldu\u011fu belirtildi.<\/p>\n\n\n\n<figure class=\"wp-block-image size-large\"><img loading=\"lazy\" decoding=\"async\" width=\"1024\" height=\"576\" src=\"https:\/\/dbsnewsmedia.com\/wp-content\/uploads\/2026\/05\/image-6-1024x576.png\" alt=\"\" class=\"wp-image-7860\" srcset=\"https:\/\/dbsnewsmedia.com\/wp-content\/uploads\/2026\/05\/image-6-1024x576.png 1024w, https:\/\/dbsnewsmedia.com\/wp-content\/uploads\/2026\/05\/image-6-300x169.png 300w, https:\/\/dbsnewsmedia.com\/wp-content\/uploads\/2026\/05\/image-6-768x432.png 768w, https:\/\/dbsnewsmedia.com\/wp-content\/uploads\/2026\/05\/image-6.png 1280w\" sizes=\"auto, (max-width: 1024px) 100vw, 1024px\" \/><\/figure>\n\n\n\n<h2 class=\"wp-block-heading\">\u015eEHR\u0130N YEN\u0130 G\u00d6ZDES\u0130NE YO\u011eUN \u0130LG\u0130 BA\u015eLADI<\/h2>\n\n\n\n<p>T\u00fcrkiye&#8217;de bir ilk olma \u00f6zelli\u011fi ta\u015f\u0131yan \u00c7\u0131nar, sadece Gaziantep\u2019ten de\u011fil, \u00e7evre illerden de yo\u011fun ilgi g\u00f6r\u00fcyor. Do\u011fal Ya\u015fam Park\u0131\u2019n\u0131 ziyaret etmek i\u00e7in Antakya\u2019dan gelen vatanda\u015flar, daha \u00f6nce baba z\u00fcrafa \u015eakir\u2019i g\u00f6rd\u00fcklerini, \u015fimdi ise onun yavrusunu g\u00f6rmenin kendileri i\u00e7in anlaml\u0131 bir deneyim oldu\u011funu dile getiriyor. Uzman ekiplerin g\u00f6zetiminde geli\u015fimini s\u00fcrd\u00fcren \u00c7\u0131nar, park\u0131n maskotu olma yolunda ilerliyor.<\/p>\n\n\n\n<figure class=\"wp-block-image\"><img decoding=\"async\" src=\"https:\/\/www.muhalif.com.tr\/uploads\/haberler\/2026\/05\/363-3789-turkiyenin-ilk-zurafa-yavrusuna-isim-verildi-sosyal-medya-cinar-dedi.webp\" alt=\"\"\/><\/figure>\n\n\n\n<p>02.05.2026 15:48<\/p>\n\n\n\n<p>Kaynak:<a href=\"https:\/\/www.muhalif.com.tr\/yasam\/turkiyenin-ilk-zurafa-yavrusuna-isim-verildi-sosyal-medya-cinar-dedi\/730367\">https:\/\/www.muhalif.com.tr\/yasam\/turkiyenin-ilk-zurafa-yavrusuna-isim-verildi-sosyal-medya-cinar-dedi\/730367<\/a><\/p>\n","protected":false},"excerpt":{"rendered":"<p>Gaziantep Do\u011fal Ya\u015fam Park\u0131\u2019nda d\u00fcnyaya gelen ve T\u00fcrkiye\u2019de do\u011fan ilk erkek z\u00fcrafa yavrusu olma \u00f6zelli\u011fini ta\u015f\u0131yan minik z\u00fcrafan\u0131n ad\u0131, sosyal medya \u00fczerinden yap\u0131lan oylamayla \u201c\u00c7\u0131nar\u201d olarak belirlendi. B\u00fcy\u00fck ilgi g\u00f6ren ankette vatanda\u015flar\u0131n oylar\u0131yla se\u00e7ilen \u00c7\u0131nar, k\u0131sa s\u00fcrede park\u0131n en sevilen canl\u0131lar\u0131ndan biri oldu. T\u00fcrkiye\u2019nin en b\u00fcy\u00fck, d\u00fcnyan\u0131n ise d\u00f6rd\u00fcnc\u00fc b\u00fcy\u00fck do\u011fal ya\u015fam alan\u0131 olan Gaziantep&#8230;<\/p>\n","protected":false},"author":4,"featured_media":7861,"comment_status":"open","ping_status":"open","sticky":false,"template":"","format":"standard","meta":{"_jetpack_memberships_contains_paid_content":false,"footnotes":""},"categories":[2],"tags":[2399,2398],"class_list":["post-7857","post","type-post","status-publish","format-standard","has-post-thumbnail","hentry","category-yasam","tag-cinar","tag-zurafa"],"jetpack_featured_media_url":"https:\/\/dbsnewsmedia.com\/wp-content\/uploads\/2026\/05\/458-9456-turkiyenin-ilk-zurafa-yavrusuna-isim-verildi-sosyal-medya-cinar-dedi.webp","jetpack_sharing_enabled":true,"_links":{"self":[{"href":"https:\/\/dbsnewsmedia.com\/index.php?rest_route=\/wp\/v2\/posts\/7857","targetHints":{"allow":["GET"]}}],"collection":[{"href":"https:\/\/dbsnewsmedia.com\/index.php?rest_route=\/wp\/v2\/posts"}],"about":[{"href":"https:\/\/dbsnewsmedia.com\/index.php?rest_route=\/wp\/v2\/types\/post"}],"author":[{"embeddable":true,"href":"https:\/\/dbsnewsmedia.com\/index.php?rest_route=\/wp\/v2\/users\/4"}],"replies":[{"embeddable":true,"href":"https:\/\/dbsnewsmedia.com\/index.php?rest_route=%2Fwp%2Fv2%2Fcomments&post=7857"}],"version-history":[{"count":1,"href":"https:\/\/dbsnewsmedia.com\/index.php?rest_route=\/wp\/v2\/posts\/7857\/revisions"}],"predecessor-version":[{"id":7862,"href":"https:\/\/dbsnewsmedia.com\/index.php?rest_route=\/wp\/v2\/posts\/7857\/revisions\/7862"}],"wp:featuredmedia":[{"embeddable":true,"href":"https:\/\/dbsnewsmedia.com\/index.php?rest_route=\/wp\/v2\/media\/7861"}],"wp:attachment":[{"href":"https:\/\/dbsnewsmedia.com\/index.php?rest_route=%2Fwp%2Fv2%2Fmedia&parent=7857"}],"wp:term":[{"taxonomy":"category","embeddable":true,"href":"https:\/\/dbsnewsmedia.com\/index.php?rest_route=%2Fwp%2Fv2%2Fcategories&post=7857"},{"taxonomy":"post_tag","embeddable":true,"href":"https:\/\/dbsnewsmedia.com\/index.php?rest_route=%2Fwp%2Fv2%2Ftags&post=7857"}],"curies":[{"name":"wp","href":"https:\/\/api.w.org\/{rel}","templated":true}]}}