{"id":7864,"date":"2026-05-02T15:54:33","date_gmt":"2026-05-02T12:54:33","guid":{"rendered":"https:\/\/dbsnewsmedia.com\/?p=7864"},"modified":"2026-05-02T16:11:44","modified_gmt":"2026-05-02T13:11:44","slug":"aydin-ilk-kez-kultur-yolu-festivaline-ev-sahipligi-yapacak","status":"publish","type":"post","link":"https:\/\/dbsnewsmedia.com\/?p=7864","title":{"rendered":"Ayd\u0131n, \u0130lk Kez K\u00fclt\u00fcr Yolu Festivali\u2019ne Ev Sahipli\u011fi Yapacak"},"content":{"rendered":"\n<p class=\"has-medium-font-size\"><strong>Mehmet Nuri Ersoy, T\u00fcrkiye K\u00fclt\u00fcr Yolu Festivali\u2019nin Ayd\u0131n etab\u0131n\u0131n ba\u015flad\u0131\u011f\u0131n\u0131 duyurdu. Festival kapsam\u0131nda kent genelindeki 10 farkl\u0131 noktada toplam 177 etkinlik d\u00fczenlenece\u011fini belirten Ersoy, organizasyonun k\u00fclt\u00fcrel miras\u0131 ya\u015fatmak, sanat \u00fcretimini te\u015fvik etmek, \u015fehirlerin turizm de\u011ferini \u00f6ne \u00e7\u0131karmak ve ekonomik canl\u0131l\u0131\u011f\u0131 art\u0131rmak amac\u0131yla ger\u00e7ekle\u015ftirildi\u011fini ifade etti. Konserler, sergiler, at\u00f6lyeler ve gastronomi etkinlikleriyle Ayd\u0131n\u2019\u0131n k\u00fclt\u00fcr ve sanat potansiyelinin geni\u015f kitlelere tan\u0131t\u0131laca\u011f\u0131n\u0131 vurgulayan Bakan Ersoy, festivalin Ayd\u0131n\u2019da ilk kez d\u00fczenlenmesiyle birlikte Atilla Ko\u00e7 K\u00fclt\u00fcr Merkezi\u2019nin de resmi olarak hizmete a\u00e7\u0131ld\u0131\u011f\u0131n\u0131 a\u00e7\u0131klad\u0131.<\/strong><\/p>\n\n\n\n<p>K\u00fclt\u00fcr ve sanat\u0131n farkl\u0131 disiplinlerini bir araya getiren T\u00fcrkiye K\u00fclt\u00fcr Yolu Festivali, bu y\u0131l kapsam\u0131n\u0131 geni\u015fleterek yeni \u015fehirlerle yolculu\u011funu s\u00fcrd\u00fcr\u00fcyor. Bu kapsamda Ayd\u0131n da festival rotas\u0131na dahil edilerek kentin farkl\u0131 noktalar\u0131nda d\u00fczenlenecek etkinliklerle \u00e7ok y\u00f6nl\u00fc bir k\u00fclt\u00fcr-sanat atmosferine ev sahipli\u011fi yapmaya haz\u0131rlan\u0131yor.<\/p>\n\n\n\n<figure class=\"wp-block-image size-full\"><img loading=\"lazy\" decoding=\"async\" width=\"655\" height=\"435\" src=\"https:\/\/dbsnewsmedia.com\/wp-content\/uploads\/2026\/05\/image-7.png\" alt=\"\" class=\"wp-image-7865\" srcset=\"https:\/\/dbsnewsmedia.com\/wp-content\/uploads\/2026\/05\/image-7.png 655w, https:\/\/dbsnewsmedia.com\/wp-content\/uploads\/2026\/05\/image-7-300x200.png 300w\" sizes=\"auto, (max-width: 655px) 100vw, 655px\" \/><\/figure>\n\n\n\n<p>K\u00fclt\u00fcr ve Turizm Bakan\u0131 Mehmet Nuri Ersoy, Atilla Ko\u00e7 K\u00fclt\u00fcr Merkezi\u2019nde d\u00fczenlenen programla T\u00fcrkiye K\u00fclt\u00fcr Yolu Festivali\u2019nin Ayd\u0131n aya\u011f\u0131n\u0131n a\u00e7\u0131l\u0131\u015f\u0131n\u0131 ger\u00e7ekle\u015ftirildi. Ayd\u0131n&#8217;da \u00e7ifte a\u00e7\u0131l\u0131\u015f\u0131n ya\u015fand\u0131\u011f\u0131 festivalde Atilla Ko\u00e7 K\u00fclt\u00fcr Merkez de ziyaret\u00e7ileriyle bulu\u015ftu.<\/p>\n\n\n\n<p>Ayd\u0131n K\u00fclt\u00fcr Yolu Festivali&#8217;nin a\u00e7\u0131l\u0131\u015f\u0131nda Ayd\u0131n Valisi Yakup Canbolat, Ayd\u0131n Milletvekili Seda Sar\u0131ba\u015f, Ayd\u0131n B\u00fcy\u00fck\u015fehir Belediye Ba\u015fkan\u0131 \u00d6zlem \u00c7er\u00e7io\u011flu ve \u00f6nceki d\u00f6nem K\u00fclt\u00fcr ve Turizm Bakan\u0131 Atilla Ko\u00e7 da yer ald\u0131.<\/p>\n\n\n\n<figure class=\"wp-block-image\"><img decoding=\"async\" src=\"https:\/\/im.haberturk.com\/2026\/05\/02\/3881759_e4640f3f3fde76cc54a5115adb8f832a.jpg\" alt=\"\"\/><\/figure>\n\n\n\n<p>Ayd\u0131n\u2019da ilk kez d\u00fczenlenen festivalin kapsam\u0131na ili\u015fkin de\u011ferlendirmelerde bulunan Bakan Ersoy, T\u00fcrkiye genelinde ula\u015f\u0131lan \u00f6l\u00e7e\u011fe dikkat \u00e7ekti. Ersoy a\u00e7\u0131l\u0131\u015fta yapt\u0131\u011f\u0131 konu\u015fmada \u015funlar\u0131 s\u00f6yledi: \u201cT\u00fcrkiye K\u00fclt\u00fcr Yolu Festivali bu y\u0131l itibar\u0131yla tam 26 \u015fehri kapsayan b\u00fcy\u00fckl\u00fc\u011fe ula\u015fm\u0131\u015ft\u0131r. Bug\u00fcn etkinliklerin ba\u015flad\u0131\u011f\u0131 Ayd\u0131n ile birlikte Mersin, Eski\u015fehir, Sakarya, Ordu ve Kahramanmara\u015f\u2019ta art\u0131k d\u00fcnyan\u0131n en b\u00fcy\u00fck, en uzun soluklu ve en kapsaml\u0131 k\u00fclt\u00fcr-sanat festivalinin birer par\u00e7as\u0131, birer sahnesidir.\u201d Festivalin her kesime hitap eden yap\u0131s\u0131yla geni\u015f bir kat\u0131l\u0131m sundu\u011funu ifade eden Ersoy, 2021 y\u0131l\u0131nda \u0130stanbul\u2019dan ba\u015flayan s\u00fcrecin bug\u00fcn 7 b\u00f6lge ve 26 \u015fehre ula\u015ft\u0131\u011f\u0131n\u0131 belirtti. Dokuz g\u00fcn boyunca ziyaret\u00e7ilerin zengin deneyimler, yeni sanatsal de\u011ferler, farkl\u0131 konularda bilgiler ve y\u00f6resel tatlarla bulu\u015faca\u011f\u0131n\u0131 dile getirdi.<\/p>\n\n\n\n<figure class=\"wp-block-image\"><img decoding=\"async\" src=\"https:\/\/im.haberturk.com\/2026\/05\/02\/3881759_11a334451372b184e25c30071da9c5f5.jpg\" alt=\"\"\/><\/figure>\n\n\n\n<h2 class=\"wp-block-heading\">SANAT D\u00dcNYASINDA B\u00dcY\u00dcK DE\u011e\u0130\u015e\u0130M BA\u015eLADI<\/h2>\n\n\n\n<p>T\u00fcrkiye K\u00fclt\u00fcr Yolu Festivali\u2019nin ama\u00e7lar\u0131na de\u011finen Ersoy, organizasyonun insan\u0131n sosyal hayat\u0131na hareketlilik kazand\u0131rd\u0131\u011f\u0131n\u0131, yerelden ulusal ve uluslararas\u0131 d\u00fczeye uzanan k\u00fclt\u00fcr-sanat uygulamalar\u0131n\u0131 yayg\u0131nla\u015ft\u0131rd\u0131\u011f\u0131n\u0131 belirtti. Ersoy, sanat\u00e7\u0131ya ve sanat \u00fcretimine destek verildi\u011fini, mutfaktan el ve sahne sanatlar\u0131na kadar geleneksel de\u011ferlerin korunarak ya\u015fat\u0131ld\u0131\u011f\u0131n\u0131 ifade etti. K\u00fclt\u00fcr varl\u0131klar\u0131n\u0131n ve turizm \u00fcr\u00fcnlerinin \u00f6ne \u00e7\u0131kar\u0131lmas\u0131yla \u015fehir ekonomisine katk\u0131 sa\u011fland\u0131\u011f\u0131n\u0131 belirten Ersoy, k\u00fclt\u00fcr turizmi temelinde yo\u011fun bir insan hareketinin olu\u015fturuldu\u011funu vurgulad\u0131.<\/p>\n\n\n\n<p>Festival s\u00fcresince \u015fehirde olu\u015fan hareketlili\u011fe dikkat \u00e7ekerek ekonomik katk\u0131ya vurgu yapan Ersoy \u015fu ifadeleri kulland\u0131: \u201cBug\u00fcn geldi\u011fimiz noktada, \u00e7evre illerden gelen vatanda\u015flar\u0131m\u0131zla birlikte festival s\u00fcresince oteller, restoranlar ve yerel i\u015fletmeler yo\u011fun talep g\u00f6rmekte; esnaf\u0131m\u0131z i\u00e7in ciddi bir kazanca vesile olunmaktad\u0131r.\u201d<\/p>\n\n\n\n<p>Bakan Ersoy, \u015fehirlerin k\u00fclt\u00fcr, sanat ve turizm potansiyelinin en g\u00fc\u00e7l\u00fc \u015fekilde ortaya kondu\u011funu belirtti\u011fi konu\u015fmas\u0131nda, festivalin markala\u015fma s\u00fcrecine katk\u0131 sa\u011fland\u0131\u011f\u0131n\u0131 ve i\u00e7 turizm hareketine ivme kazand\u0131r\u0131ld\u0131\u011f\u0131n\u0131 ifade etti. K\u00fclt\u00fcr ve sanat etkinliklerinin s\u0131n\u0131fsal bir ayr\u0131cal\u0131k oldu\u011fu anlay\u0131\u015f\u0131n\u0131n ortadan kalkt\u0131\u011f\u0131n\u0131, her kesimden vatanda\u015f\u0131n bu zengin i\u00e7erikten faydaland\u0131\u011f\u0131n\u0131 dile getiren Ersoy, bundan sonraki s\u00fcre\u00e7te kazan\u0131mlar\u0131n korunaca\u011f\u0131n\u0131 ve yeni \u015fehirlerin festivale dahil edilmesiyle bu etkinin \u00fclke geneline yay\u0131laca\u011f\u0131n\u0131 s\u00f6yledi.<\/p>\n\n\n\n<figure class=\"wp-block-image\"><img decoding=\"async\" src=\"https:\/\/im.haberturk.com\/2026\/05\/02\/3881759_fb86abfdf2e1a179ccc7e3988dbbeb1f.jpg\" alt=\"\"\/><\/figure>\n\n\n\n<h2 class=\"wp-block-heading\">10 NOKTADA 177 ETK\u0130NL\u0130KLE DOLU DOLU PROGRAM<\/h2>\n\n\n\n<p>Ayd\u0131n\u2019daki program\u0131n ayr\u0131nt\u0131lar\u0131n\u0131 payla\u015fan Ersoy, \u015fehir genelinde 10 farkl\u0131 noktada 43 ba\u015fl\u0131k alt\u0131nda toplam 177 etkinlik haz\u0131rland\u0131\u011f\u0131n\u0131 a\u00e7\u0131klad\u0131. Ersoy, konserler, temsiller, sergiler, at\u00f6lyeler, s\u00f6yle\u015filer ve film g\u00f6sterimleriyle geni\u015f bir etkinlik yelpazesinin sunulaca\u011f\u0131n\u0131 belirtti. Tekstil Park\u2019ta kurulan ana sahnede Ferhat G\u00f6\u00e7er, Hande \u00dcnsal, Emre Altu\u011f, Madrigal, Demet Akal\u0131n, O\u011fuzhan Ko\u00e7, Derya Ulu\u011f, Sefo ve Buray\u2019\u0131n konser verece\u011fini ifade eden Ersoy, \u00e7ocuk k\u00f6y\u00fcn\u00fcn de yine bu alanda kurulaca\u011f\u0131n\u0131 ve \u00e7ocuklara y\u00f6nelik e\u011fitici ve \u00f6\u011fretici etkinliklerin d\u00fczenlenece\u011fini s\u00f6yledi.<\/p>\n\n\n\n<figure class=\"wp-block-image\"><img decoding=\"async\" src=\"https:\/\/im.haberturk.com\/2026\/05\/02\/3881759_59873aa065d228d9fe1103576d56cca7.jpg\" alt=\"\"\/><\/figure>\n\n\n\n<h2 class=\"wp-block-heading\">SANAT VE DENEY\u0130M\u0130N BULU\u015eTU\u011eU NOKTA<\/h2>\n\n\n\n<p>Festival kapsam\u0131nda haz\u0131rlanan sergilere de de\u011finen Ersoy, \u201cOsmanl\u0131\u2019n\u0131n Mukaddes Emanetleri\u201d sergisiyle \u00f6nemli eserlerin ziyaret\u00e7ilerle bulu\u015fturulaca\u011f\u0131n\u0131, bu se\u00e7kinin emanet bilincini ve Osmanl\u0131\u2019n\u0131n mukaddes de\u011ferlere yakla\u015f\u0131m\u0131n\u0131 yans\u0131tt\u0131\u011f\u0131n\u0131 ifade etti. \u201cKorunan Zaman: Arkeolojik Miras\u0131n G\u00f6rsel Yolculu\u011fu\u201d sergisiyle Ayd\u0131n\u2019daki antik kentlerin sanatseverlere sunulaca\u011f\u0131n\u0131 s\u00f6zlerine ekleyen Ersoy, \u201cYa\u015fayan Miras Ayd\u0131n\u201d sergisiyle somut olmayan k\u00fclt\u00fcrel miras ta\u015f\u0131y\u0131c\u0131lar\u0131n\u0131n eserlerinin ziyaret\u00e7ilerle bulu\u015faca\u011f\u0131n\u0131 belirtti.<\/p>\n\n\n\n<figure class=\"wp-block-image\"><img decoding=\"async\" src=\"https:\/\/im.haberturk.com\/2026\/05\/02\/3881759_16a656b7224d5a90634f5306f0c049d4.jpg\" alt=\"\"\/><\/figure>\n\n\n\n<p>At\u00f6lye \u00e7al\u0131\u015fmalar\u0131n\u0131n dokuz g\u00fcn boyunca her g\u00fcn \u00fc\u00e7 kez olmak \u00fczere toplam 27 etkinlik \u015feklinde ger\u00e7ekle\u015ftirilece\u011fini ifade eden Ersoy, bu programlar\u0131n geleneksel sanatlar\u0131n \u00fcretim s\u00fcre\u00e7lerine kat\u0131lmak isteyen herkese a\u00e7\u0131k olaca\u011f\u0131n\u0131 s\u00f6yledi. Ersoy, k\u0131sa film g\u00f6sterimleriyle 25 miras ta\u015f\u0131y\u0131c\u0131s\u0131na odaklanan 25 farkl\u0131 i\u00e7eri\u011fin izleyiciyle bulu\u015fturulaca\u011f\u0131n\u0131, Bard\u0131z kiliminden kazaziyeye, \u00e7alg\u0131 yap\u0131m\u0131ndan \u00c7anakkale serami\u011fine kadar pek \u00e7ok de\u011ferin tan\u0131t\u0131laca\u011f\u0131n\u0131 aktard\u0131.<\/p>\n\n\n\n<figure class=\"wp-block-image\"><img decoding=\"async\" src=\"https:\/\/im.haberturk.com\/2026\/05\/02\/3881759_dc6248679aec2ca9c2f526e81c7fe464.jpg\" alt=\"\"\/><\/figure>\n\n\n\n<h2 class=\"wp-block-heading\">AYDIN LEZZETLER\u0130YLE D\u0130KKAT \u00c7EK\u0130YOR<\/h2>\n\n\n\n<p>Gastronomi alan\u0131nda y\u00fcr\u00fct\u00fclen \u00e7al\u0131\u015fmalara da de\u011finen Ersoy, yerel mutfa\u011f\u0131n \u00f6ne \u00e7\u0131kar\u0131laca\u011f\u0131n\u0131 belirtti. Ersoy \u015f\u00f6yle devam etti: \u201cT\u00fcrkiye K\u00fclt\u00fcr Yolu Festivali kapsam\u0131nda hayata ge\u00e7irdi\u011fimiz \u2018Lezzet Noktas\u0131\u2019 projesi ile Ayd\u0131n\u2019\u0131n da yerel mutfak miras\u0131n\u0131, g\u00fcncel gastronomi anlay\u0131\u015f\u0131yla birlikte g\u00f6zler \u00f6n\u00fcne serece\u011fiz.\u201d Ayd\u0131n genelinde 42 restoran\u0131n yer ald\u0131\u011f\u0131 gastronomi rotas\u0131n\u0131n olu\u015fturuldu\u011funu ifade eden Ersoy, bu rotan\u0131n \u015fehir merkezinden il\u00e7elere uzand\u0131\u011f\u0131n\u0131, kebaptan deniz \u00fcr\u00fcnlerine, tand\u0131rdan y\u00f6resel hamur i\u015flerine kadar geni\u015f bir lezzet \u00e7e\u015fitlili\u011fi sundu\u011funu belirterek Lezzet Noktas\u0131 se\u00e7kisinin gastronomi alan\u0131nda uzman isimlerden olu\u015fan dan\u0131\u015fma kurulu taraf\u0131ndan belirlendi\u011fini vurgulad\u0131.<\/p>\n\n\n\n<figure class=\"wp-block-image\"><img decoding=\"async\" src=\"https:\/\/im.haberturk.com\/2026\/05\/02\/3881759_55d89611d88c2f3f24b2741f5babbf1b.jpg\" alt=\"\"\/><\/figure>\n\n\n\n<h2 class=\"wp-block-heading\">\u015eEHRE DE\u011eER KATACAK K\u00dcLT\u00dcR MERKEZ\u0130 A\u00c7ILDI<\/h2>\n\n\n\n<p>Konu\u015fmas\u0131n\u0131n sonunda Ayd\u0131n Atilla Ko\u00e7 K\u00fclt\u00fcr Merkezi\u2019nin yenilenen haliyle hizmete a\u00e7\u0131ld\u0131\u011f\u0131n\u0131 belirten Ersoy, merkezin b\u00fcy\u00fck tiyatro salonunun 464, k\u00fc\u00e7\u00fck tiyatro salonunun ise 200 ki\u015fi kapasiteye ula\u015ft\u0131\u011f\u0131n\u0131 a\u00e7\u0131klad\u0131. Fuaye alanlar\u0131n\u0131n da sergi ve g\u00f6rsel sanat etkinliklerine ev sahipli\u011fi yapaca\u011f\u0131n\u0131 ifade etti. Merkeze eski K\u00fclt\u00fcr ve Turizm Bakan\u0131 Atilla Ko\u00e7\u2019un ad\u0131n\u0131n verildi\u011fini belirten Ersoy, b\u00fcy\u00fck tiyatro salonuna Dr. Hidayet Say\u0131n\u2019\u0131n isminin verildi\u011fini s\u00f6yledi. Ayd\u0131n Valili\u011fine i\u015f birlikleri dolay\u0131s\u0131yla te\u015fekk\u00fcr etti. Festivalin Ayd\u0131n\u2019a sosyok\u00fclt\u00fcrel ve ekonomik katk\u0131lar sa\u011flamas\u0131n\u0131 temenni eden Ersoy, vatanda\u015flar\u0131 dokuz g\u00fcn s\u00fcrecek etkinliklere kat\u0131lmaya davet etti; sanat\u00e7\u0131lara, payda\u015flara ve eme\u011fi ge\u00e7enlere te\u015fekk\u00fcr ederek konu\u015fmas\u0131n\u0131 tamamlad\u0131.<\/p>\n\n\n\n<p>02.05.2026 15:54<\/p>\n\n\n\n<p>Kaynak:<a href=\"https:\/\/www.haberturk.com\/kultur-yolu-ilk-kez-aydin-da-3881759\">https:\/\/www.haberturk.com\/kultur-yolu-ilk-kez-aydin-da-3881759<\/a><\/p>\n\n\n\n<p><\/p>\n","protected":false},"excerpt":{"rendered":"<p>Mehmet Nuri Ersoy, T\u00fcrkiye K\u00fclt\u00fcr Yolu Festivali\u2019nin Ayd\u0131n etab\u0131n\u0131n ba\u015flad\u0131\u011f\u0131n\u0131 duyurdu. Festival kapsam\u0131nda kent genelindeki 10 farkl\u0131 noktada toplam 177 etkinlik d\u00fczenlenece\u011fini belirten Ersoy, organizasyonun k\u00fclt\u00fcrel miras\u0131 ya\u015fatmak, sanat \u00fcretimini te\u015fvik etmek, \u015fehirlerin turizm de\u011ferini \u00f6ne \u00e7\u0131karmak ve ekonomik canl\u0131l\u0131\u011f\u0131 art\u0131rmak amac\u0131yla ger\u00e7ekle\u015ftirildi\u011fini ifade etti. Konserler, sergiler, at\u00f6lyeler ve gastronomi etkinlikleriyle Ayd\u0131n\u2019\u0131n k\u00fclt\u00fcr ve sanat&#8230;<\/p>\n","protected":false},"author":4,"featured_media":7883,"comment_status":"open","ping_status":"open","sticky":false,"template":"","format":"standard","meta":{"_jetpack_memberships_contains_paid_content":false,"footnotes":""},"categories":[2],"tags":[2400,1747],"class_list":["post-7864","post","type-post","status-publish","format-standard","has-post-thumbnail","hentry","category-yasam","tag-aydin-2","tag-kultur-yolu-festivali"],"jetpack_featured_media_url":"https:\/\/dbsnewsmedia.com\/wp-content\/uploads\/2026\/05\/Ekran-goruntusu-2026-05-02-161054.png","jetpack_sharing_enabled":true,"_links":{"self":[{"href":"https:\/\/dbsnewsmedia.com\/index.php?rest_route=\/wp\/v2\/posts\/7864","targetHints":{"allow":["GET"]}}],"collection":[{"href":"https:\/\/dbsnewsmedia.com\/index.php?rest_route=\/wp\/v2\/posts"}],"about":[{"href":"https:\/\/dbsnewsmedia.com\/index.php?rest_route=\/wp\/v2\/types\/post"}],"author":[{"embeddable":true,"href":"https:\/\/dbsnewsmedia.com\/index.php?rest_route=\/wp\/v2\/users\/4"}],"replies":[{"embeddable":true,"href":"https:\/\/dbsnewsmedia.com\/index.php?rest_route=%2Fwp%2Fv2%2Fcomments&post=7864"}],"version-history":[{"count":2,"href":"https:\/\/dbsnewsmedia.com\/index.php?rest_route=\/wp\/v2\/posts\/7864\/revisions"}],"predecessor-version":[{"id":7884,"href":"https:\/\/dbsnewsmedia.com\/index.php?rest_route=\/wp\/v2\/posts\/7864\/revisions\/7884"}],"wp:featuredmedia":[{"embeddable":true,"href":"https:\/\/dbsnewsmedia.com\/index.php?rest_route=\/wp\/v2\/media\/7883"}],"wp:attachment":[{"href":"https:\/\/dbsnewsmedia.com\/index.php?rest_route=%2Fwp%2Fv2%2Fmedia&parent=7864"}],"wp:term":[{"taxonomy":"category","embeddable":true,"href":"https:\/\/dbsnewsmedia.com\/index.php?rest_route=%2Fwp%2Fv2%2Fcategories&post=7864"},{"taxonomy":"post_tag","embeddable":true,"href":"https:\/\/dbsnewsmedia.com\/index.php?rest_route=%2Fwp%2Fv2%2Ftags&post=7864"}],"curies":[{"name":"wp","href":"https:\/\/api.w.org\/{rel}","templated":true}]}}