{"id":7876,"date":"2026-05-02T16:03:48","date_gmt":"2026-05-02T13:03:48","guid":{"rendered":"https:\/\/dbsnewsmedia.com\/?p=7876"},"modified":"2026-05-02T16:03:48","modified_gmt":"2026-05-02T13:03:48","slug":"gunes-sisteminde-9-gezegen-heyecani-neptunun-otesindeki-dev-kutle-icin-en-guclu-kanitlar-bulundu","status":"publish","type":"post","link":"https:\/\/dbsnewsmedia.com\/?p=7876","title":{"rendered":"G\u00fcne\u015f Sistemi\u2019nde 9. Gezegen Heyecan\u0131: Nept\u00fcn\u2019\u00fcn \u00d6tesindeki Dev K\u00fctle \u0130\u00e7in En G\u00fc\u00e7l\u00fc Kan\u0131tlar Bulundu"},"content":{"rendered":"\n<p>G\u00f6kbilim d\u00fcnyas\u0131, uzun y\u0131llard\u0131r tart\u0131\u015fma konusu olan \u201c9. Gezegen\u201d (Planet Nine) teorisinde tarihi bir d\u00f6n\u00fcm noktas\u0131na ula\u015ft\u0131. Nept\u00fcn\u2019\u00fcn \u00f6tesindeki buzlu g\u00f6k cisimlerinin al\u0131\u015f\u0131lmad\u0131k y\u00f6r\u00fcngelerini inceleyen bilim insanlar\u0131, bu d\u00fczensizliklere neden olan devasa bir k\u00fctlenin varl\u0131\u011f\u0131na dair bug\u00fcne kadarki en somut kan\u0131tlar\u0131 ortaya koydu.<\/p>\n\n\n\n<figure class=\"wp-block-image\"><img decoding=\"async\" src=\"https:\/\/checkinhaber.com\/wp-content\/uploads\/2026\/05\/image-38-1024x576.png\" alt=\"\" class=\"wp-image-14790\"\/><\/figure>\n\n\n\n<h3 class=\"wp-block-heading\">Y\u00f6r\u00fcngelerdeki Gizemli Sapmalar<\/h3>\n\n\n\n<p>Ara\u015ft\u0131rmac\u0131lar, G\u00fcne\u015f Sistemi\u2019nin en d\u0131\u015f katmanlar\u0131nda yer alan k\u00fc\u00e7\u00fck g\u00f6k cisimlerinin hareketlerini analiz ederek dikkat \u00e7ekici verilere ula\u015ft\u0131:<\/p>\n\n\n\n<ul class=\"wp-block-list\">\n<li><strong>Yer\u00e7ekimsel Etki:<\/strong>\u00a0Nept\u00fcn\u2019\u00fcn \u00e7ok \u00f6tesindeki baz\u0131 nesnelerin (TNO), matematiksel olarak a\u00e7\u0131klanamayan bir \u015fekilde belirli bir y\u00f6ne do\u011fru k\u00fcmelendi\u011fi ve e\u011fimli y\u00f6r\u00fcngeler \u00e7izdi\u011fi tespit edildi.<\/li>\n\n\n\n<li><strong>Matematiksel Modeller:<\/strong>\u00a0Yap\u0131lan sim\u00fclasyonlar, bu sapmalar\u0131n ancak D\u00fcnya\u2019dan yakla\u015f\u0131k 10 kat daha b\u00fcy\u00fck k\u00fctleye sahip dev bir gezegenin yer\u00e7ekimi etkisiyle m\u00fcmk\u00fcn olabilece\u011fini g\u00f6steriyor.<\/li>\n\n\n\n<li><strong>G\u00fcne\u015f\u2019e Uzakl\u0131k:<\/strong>\u00a0Tahmin edilen bu gizemli gezegenin, G\u00fcne\u015f\u2019e olan uzakl\u0131\u011f\u0131n\u0131n Nept\u00fcn\u2019den 20 kat daha fazla oldu\u011fu ve bir tam turunu binlerce y\u0131lda tamamlad\u0131\u011f\u0131 d\u00fc\u015f\u00fcn\u00fcl\u00fcyor.<\/li>\n<\/ul>\n\n\n\n<figure class=\"wp-block-image\"><img decoding=\"async\" src=\"https:\/\/checkinhaber.com\/wp-content\/uploads\/2026\/05\/image-39-1024x576.png\" alt=\"\" class=\"wp-image-14791\"\/><\/figure>\n\n\n\n<h3 class=\"wp-block-heading\">Bilim D\u00fcnyas\u0131 \u0130\u00e7in Yeni Bir Sayfa<\/h3>\n\n\n\n<ol start=\"9\" class=\"wp-block-list\">\n<li>Gezegen\u2019in varl\u0131\u011f\u0131 resmen kan\u0131tland\u0131\u011f\u0131nda, G\u00fcne\u015f Sistemi\u2019ne dair bilinen t\u00fcm haritalar yeniden \u00e7izilecek:<\/li>\n<\/ol>\n\n\n\n<ul class=\"wp-block-list\">\n<li><strong>G\u00f6zlem \u00c7al\u0131\u015fmalar\u0131:<\/strong>\u00a0Kan\u0131tlar g\u00fc\u00e7l\u00fc olsa da gezegenin kendisi hen\u00fcz do\u011frudan g\u00f6r\u00fcnt\u00fclenemedi. Bilim insanlar\u0131, dev teleskoplarla g\u00f6ky\u00fcz\u00fcn\u00fcn karanl\u0131k noktalar\u0131n\u0131 tarayarak bu \u201chayalet gezegeni\u201d bulmaya odaklanm\u0131\u015f durumda.<\/li>\n\n\n\n<li><strong>Pl\u00fcton\u2019dan Fark\u0131:<\/strong>\u00a0E\u011fer bu k\u00fctle onaylan\u0131rsa, Pl\u00fcton\u2019un aksine ger\u00e7ek bir gezegen tan\u0131m\u0131na tam uyacak b\u00fcy\u00fckl\u00fckte ve etkide bir \u201c9. \u00fcye\u201d sisteme dahil olacak.<\/li>\n<\/ul>\n\n\n\n<p>Uzmanlar, \u00f6n\u00fcm\u00fczdeki birka\u00e7 y\u0131l i\u00e7inde geli\u015fmi\u015f uzay teleskoplar\u0131ndan gelecek verilerin bu gizemi tamamen \u00e7\u00f6zmesini ve G\u00fcne\u015f Sistemi\u2019nin s\u0131n\u0131rlar\u0131n\u0131 yeniden belirlemesini bekliyor.<\/p>\n\n\n\n<p>02.05.2026 16:03<\/p>\n\n\n\n<p>Karde\u015f Haber:<a href=\"https:\/\/checkinhaber.com\/2026\/05\/02\/gunes-sisteminde-9-gezegen-heyecani-neptunun-otesindeki-dev-kutle-icin-en-guclu-kanitlar-bulundu\/\">https:\/\/checkinhaber.com\/2026\/05\/02\/gunes-sisteminde-9-gezegen-heyecani-neptunun-otesindeki-dev-kutle-icin-en-guclu-kanitlar-bulundu\/<\/a><\/p>\n","protected":false},"excerpt":{"rendered":"<p>G\u00f6kbilim d\u00fcnyas\u0131, uzun y\u0131llard\u0131r tart\u0131\u015fma konusu olan \u201c9. Gezegen\u201d (Planet Nine) teorisinde tarihi bir d\u00f6n\u00fcm noktas\u0131na ula\u015ft\u0131. Nept\u00fcn\u2019\u00fcn \u00f6tesindeki buzlu g\u00f6k cisimlerinin al\u0131\u015f\u0131lmad\u0131k y\u00f6r\u00fcngelerini inceleyen bilim insanlar\u0131, bu d\u00fczensizliklere neden olan devasa bir k\u00fctlenin varl\u0131\u011f\u0131na dair bug\u00fcne kadarki en somut kan\u0131tlar\u0131 ortaya koydu. Y\u00f6r\u00fcngelerdeki Gizemli Sapmalar Ara\u015ft\u0131rmac\u0131lar, G\u00fcne\u015f Sistemi\u2019nin en d\u0131\u015f katmanlar\u0131nda yer alan k\u00fc\u00e7\u00fck&#8230;<\/p>\n","protected":false},"author":4,"featured_media":7877,"comment_status":"open","ping_status":"open","sticky":false,"template":"","format":"standard","meta":{"_jetpack_memberships_contains_paid_content":false,"footnotes":""},"categories":[2],"tags":[2404,2403],"class_list":["post-7876","post","type-post","status-publish","format-standard","has-post-thumbnail","hentry","category-yasam","tag-9-gezegen","tag-gunes-sistemi"],"jetpack_featured_media_url":"https:\/\/dbsnewsmedia.com\/wp-content\/uploads\/2026\/05\/image-37-1024x576-1.webp","jetpack_sharing_enabled":true,"_links":{"self":[{"href":"https:\/\/dbsnewsmedia.com\/index.php?rest_route=\/wp\/v2\/posts\/7876","targetHints":{"allow":["GET"]}}],"collection":[{"href":"https:\/\/dbsnewsmedia.com\/index.php?rest_route=\/wp\/v2\/posts"}],"about":[{"href":"https:\/\/dbsnewsmedia.com\/index.php?rest_route=\/wp\/v2\/types\/post"}],"author":[{"embeddable":true,"href":"https:\/\/dbsnewsmedia.com\/index.php?rest_route=\/wp\/v2\/users\/4"}],"replies":[{"embeddable":true,"href":"https:\/\/dbsnewsmedia.com\/index.php?rest_route=%2Fwp%2Fv2%2Fcomments&post=7876"}],"version-history":[{"count":1,"href":"https:\/\/dbsnewsmedia.com\/index.php?rest_route=\/wp\/v2\/posts\/7876\/revisions"}],"predecessor-version":[{"id":7878,"href":"https:\/\/dbsnewsmedia.com\/index.php?rest_route=\/wp\/v2\/posts\/7876\/revisions\/7878"}],"wp:featuredmedia":[{"embeddable":true,"href":"https:\/\/dbsnewsmedia.com\/index.php?rest_route=\/wp\/v2\/media\/7877"}],"wp:attachment":[{"href":"https:\/\/dbsnewsmedia.com\/index.php?rest_route=%2Fwp%2Fv2%2Fmedia&parent=7876"}],"wp:term":[{"taxonomy":"category","embeddable":true,"href":"https:\/\/dbsnewsmedia.com\/index.php?rest_route=%2Fwp%2Fv2%2Fcategories&post=7876"},{"taxonomy":"post_tag","embeddable":true,"href":"https:\/\/dbsnewsmedia.com\/index.php?rest_route=%2Fwp%2Fv2%2Ftags&post=7876"}],"curies":[{"name":"wp","href":"https:\/\/api.w.org\/{rel}","templated":true}]}}