{"id":7904,"date":"2026-05-02T16:48:13","date_gmt":"2026-05-02T13:48:13","guid":{"rendered":"https:\/\/dbsnewsmedia.com\/?p=7904"},"modified":"2026-05-02T16:48:13","modified_gmt":"2026-05-02T13:48:13","slug":"aydin-kultur-turizminin-yeni-merkezi-oldu-dev-festival-otel-ve-esnafin-yuzunu-guldurdu","status":"publish","type":"post","link":"https:\/\/dbsnewsmedia.com\/?p=7904","title":{"rendered":"Ayd\u0131n K\u00fclt\u00fcr Turizminin Yeni Merkezi Oldu: Dev Festival Otel ve Esnaf\u0131n Y\u00fcz\u00fcn\u00fc G\u00fcld\u00fcrd\u00fc"},"content":{"rendered":"\n<p>T\u00fcrkiye K\u00fclt\u00fcr Yolu Festivali&#8217;nin a\u00e7\u0131l\u0131\u015f\u0131n\u0131 ger\u00e7ekle\u015ftirmek \u00fczere Ayd\u0131n&#8217;a gelen K\u00fclt\u00fcr ve Turizm Bakan\u0131 Mehmet Nuri Ersoy, festivalin \u00e7ok \u00e7e\u015fitlili\u011fi ile d\u00fcnya markas\u0131 haline geldi\u011fini ifade ederek &#8220;Festivalimiz 26 \u015fehri kapsayan b\u00fcy\u00fckl\u00fc\u011fe ula\u015fm\u0131\u015ft\u0131r&#8221; dedi.<\/p>\n\n\n\n<p>K\u00fclt\u00fcr ve Turizm Bakanl\u0131\u011f\u0131 taraf\u0131ndan d\u00fczenlenen ve ge\u00e7ti\u011fimiz ay \u015eanl\u0131urfa ile ba\u015flayan T\u00fcrkiye K\u00fclt\u00fcr Yolu Festivali&#8217;nin ikinci dura\u011f\u0131 Ayd\u0131n oldu. 2-10 May\u0131s tarihleri aras\u0131nda konserlerden sergilere, gastronomiden \u00e7ocuk etkinliklerine uzanan geni\u015f bir i\u00e7erikle ger\u00e7ekle\u015ftirilecek olan festival kapsam\u0131nda a\u00e7\u0131l\u0131\u015f t\u00f6reni d\u00fczenlendi. Bu kapsamda Ayd\u0131n&#8217;a gelen K\u00fclt\u00fcr ve Turizm Bakan\u0131 Mehmet Nuri Ersoy, festivalin tarihi ve antik kentleri ile a\u00e7\u0131k hava m\u00fczesi konumundaki Ayd\u0131n&#8217;da olmas\u0131n\u0131n ayr\u0131 bir \u00f6nemi oldu\u011funa dikkat \u00e7ekti.<\/p>\n\n\n\n<p>T\u00fcrkiye K\u00fclt\u00fcr Yolu Festivali&#8217;nin 2021&#8217;de \u0130stanbul&#8217;da Beyo\u011flu K\u00fclt\u00fcr Yolu Festivali ile ba\u015flad\u0131\u011f\u0131n\u0131, k\u0131sa s\u00fcrede geli\u015fip yay\u0131ld\u0131\u011f\u0131n\u0131 belirten Bakan Ersoy; &#8220;T\u00fcrkiye K\u00fclt\u00fcr Yolu Festivali bu y\u0131l itibariyle tam 26 \u015fehri kapsayan b\u00fcy\u00fckl\u00fc\u011fe ula\u015fm\u0131\u015ft\u0131r. Bug\u00fcn etkinliklerin ba\u015flad\u0131\u011f\u0131 Ayd\u0131n ile birlikte Mersin, Eski\u015fehir, Sakarya, Ordu ve Kahramanmara\u015f&#8217;ta art\u0131k d\u00fcnyan\u0131n en b\u00fcy\u00fck, en uzun soluklu ve en kapsaml\u0131 k\u00fclt\u00fcr-sanat festivalinin birer par\u00e7as\u0131, birer sahnesidir. Bu \u00f6yle bir festival ki ya\u015f\u0131n\u0131z, ilgi alanlar\u0131n\u0131z, zevkleriniz ve beklentileriniz ne olursa olsun muhakkak ki onlar\u0131 kar\u015f\u0131layacak, size hitap edecek etkinlikler bulacaks\u0131n\u0131z. 2021&#8217;de \u0130stanbul&#8217;dan \u00e7\u0131kt\u0131\u011f\u0131m\u0131z bu yolda bug\u00fcn 7 b\u00f6lge ve 26 \u015fehre ula\u015fm\u0131\u015fsak, bundan \u00f6nceki 5 y\u0131lda milyonlar\u0131 bu festival \u00e7at\u0131s\u0131 alt\u0131nda bulu\u015fturmu\u015fsak, i\u015fte bu \u00e7e\u015fitlilik sayesindedir. 9 g\u00fcn boyunca hayat\u0131n\u0131za, zengin deneyimler, yeni sanatsal de\u011ferler, farkl\u0131 konularda bilgiler, y\u00f6resel tatlar ve en nihayetinde keyifle hat\u0131rlayaca\u011f\u0131n\u0131z g\u00fczel hat\u0131ralar katacaks\u0131n\u0131z. Hay\u0131rl\u0131 olmas\u0131n\u0131 diliyor; sizleri ailecek festivalimize bekliyoruz&#8221; dedi.<\/p>\n\n\n\n<p><strong>\u015eehir Ekonomisine ve \u0130\u00e7 Turizme Dev Katk\u0131: Oteller ve Yerel \u0130\u015fletmeler Doldu<\/strong><\/p>\n\n\n\n<p>T\u00fcrkiye K\u00fclt\u00fcr Yolu Festivali&#8217;ni, insan\u0131m\u0131z\u0131n sosyal hayat\u0131na, yerelden ulusal ve uluslararas\u0131na uzanan sanat ve k\u00fclt\u00fcr uygulamalar\u0131yla b\u00fcy\u00fck bir hareketlilik getirmek, sanat\u00e7\u0131ya, sanat \u00fcretimine destek vermek; mutfaktan el ve sahne sanatlar\u0131na geleneksel de\u011ferlerimizi korumak ve ya\u015fatmak, k\u00fclt\u00fcr varl\u0131klar\u0131n\u0131 ve turizm \u00fcr\u00fcnlerini \u00f6ne \u00e7\u0131kararak tan\u0131t\u0131mlar\u0131n\u0131 sa\u011flamak ve neticede k\u00fclt\u00fcr turizmi temelinde yo\u011fun bir insan hareketini m\u00fcmk\u00fcn k\u0131larak \u015fehirlerin ekonomisine kazan\u00e7, insan\u0131m\u0131z\u0131n refah\u0131na fayda sunmak i\u00e7in hayat ge\u00e7irdik. Bug\u00fcn geldi\u011fimiz noktada, \u00e7evre illerden gelen vatanda\u015flar\u0131m\u0131zla birlikte festival s\u00fcresince oteller, restoranlar ve yerel i\u015fletmeler yo\u011fun talep g\u00f6rmekte, esnaf\u0131m\u0131z i\u00e7in ciddi bir kazanca vesile olunmaktad\u0131r. \u015eehirlerin k\u00fclt\u00fcr, sanat ve turizm potansiyeli en g\u00fc\u00e7l\u00fc \u015fekilde g\u00f6zler \u00f6n\u00fcne serilmekte, markala\u015fma sa\u011flanmakta ve i\u00e7 turizm hareketine ivme kazand\u0131r\u0131lmaktad\u0131r. K\u00fclt\u00fcr ve sanat etkinliklerinin s\u0131n\u0131fsal bir ayr\u0131cal\u0131k oldu\u011fu anlay\u0131\u015f\u0131 tamamen y\u0131k\u0131lmakta; her kesimden insan\u0131m\u0131z bir ve beraber bu zengin, e\u011flenceli, \u00f6\u011fretici d\u00fcnyadan heybesini g\u00f6nl\u00fcnce doldurmaktad\u0131r. Bundan sonras\u0131 i\u00e7in de kazan\u0131mlar\u0131m\u0131z\u0131 koruyarak b\u00fct\u00fcn bu de\u011fer ve faydalar\u0131n s\u00fcreklili\u011fini tesis edecek; yeni \u015fehirlerimizi T\u00fcrkiye K\u00fclt\u00fcr Yolu Festivali&#8217;ne dahil ederek bu \u00e7ok y\u00f6nl\u00fc kazan\u00e7lar\u0131n \u00fclkemizin geneline m\u00fcmk\u00fcn oldu\u011funca yay\u0131lmas\u0131n\u0131 sa\u011flayaca\u011f\u0131z&#8221; \u015feklinde konu\u015ftu.<\/p>\n\n\n\n<p><strong>Ayd\u0131n&#8217;\u0131n Antik Kentlerinden Tekstil Park&#8217;a: 177 Farkl\u0131 Etkinlikle K\u00fclt\u00fcr Turizmi \u015e\u00f6leni<\/strong><\/p>\n\n\n\n<p>T\u00fcrkiye K\u00fclt\u00fcr Yolu Festivali kapsam\u0131nda Ayd\u0131n&#8217;da 10 farkl\u0131 noktada vatanda\u015flar i\u00e7in 43 farkl\u0131 ba\u015fl\u0131kta 177 etkinli\u011fin haz\u0131rland\u0131\u011f\u0131n\u0131 ifade eden Bakan Ersoy; &#8220;Konserler, temsiller, sergiler, at\u00f6lyeler, s\u00f6yle\u015filer, film g\u00f6sterimleri gibi geni\u015f bir etkinlik yelpazesinde sizleri a\u011f\u0131rlayaca\u011f\u0131z. Tekstil Park&#8217;a ana sahnemizi kurduk. Ferhat G\u00f6\u00e7er, Hande \u00dcnsal, Emre Altu\u011f, Madrigal, Demet Akal\u0131n, O\u011fuzhan Ko\u00e7, Derya Ulu\u011f, Sefo ve Buray konserleri burada ger\u00e7ekle\u015ftirilecek. \u00c7ocuk k\u00f6y\u00fcm\u00fcz de yine Tekstil Park&#8217;ta olacak. K\u00fc\u00e7\u00fck misafirlerimizi birbirinden e\u011flenceli ve \u00f6\u011fretici faaliyetlerle bulu\u015fturaca\u011f\u0131z. Her biri ecdad\u0131m\u0131z\u0131n Haremeyn&#8217;e duydu\u011fu derin sevgi ve h\u00fcrmetin birer ni\u015fanesi olan eserleri \u2018Osmanl\u0131&#8217;n\u0131n Mukaddes Emanetleri&#8217; sergisi ile sizlerle bulu\u015fturuyoruz. Bu \u00f6zel se\u00e7ki, mukaddesat\u0131m\u0131za sahip \u00e7\u0131kma noktas\u0131nda Osmanl\u0131&#8217;n\u0131n sars\u0131lmaz iradesini, bu yolda \u00e7izdi\u011fi had ve edep \u00e7izgisini ve emanet bilincini tecr\u00fcbe etmenizi sa\u011flayacakt\u0131r. Tabii Ayd\u0131n gibi medeniyetlerin nak\u0131\u015f nak\u0131\u015f i\u015fledi\u011fi bir co\u011frafyan\u0131n zenginli\u011fine festivalimizde yer vermemek d\u00fc\u015f\u00fcn\u00fclemez. Ayd\u0131n ilinde yer alan antik kentlere e\u015fsiz bir yolculuk sanatseverleri bekliyor&#8221; dedi.<\/p>\n\n\n\n<p><strong>\u015eehrin K\u00fclt\u00fcr ve Turizm Altyap\u0131s\u0131 G\u00fc\u00e7leniyor: Yenilenen Merkez Kap\u0131lar\u0131n\u0131 A\u00e7t\u0131<\/strong><\/p>\n\n\n\n<p>Atilla Ko\u00e7 K\u00fclt\u00fcr Merkezi&#8217;nin de a\u00e7\u0131l\u0131\u015f\u0131n\u0131 yapan Bakan Ersoy; &#8220;Son olarak yeni hali ve yeni ad\u0131yla Ayd\u0131n Atilla Ko\u00e7 K\u00fclt\u00fcr Merkezi&#8217;nin de \u015fehrimize hay\u0131rl\u0131 olmas\u0131n\u0131 diliyorum. Ocak 2025 itibariyle ba\u015flayan g\u00fc\u00e7lendirme ve onar\u0131m \u00e7al\u0131\u015fmalar\u0131 tamamlanm\u0131\u015f, b\u00fcy\u00fck tiyatro salonu 464 ki\u015fi, k\u00fc\u00e7\u00fck tiyatro salonu ise 200 ki\u015fi kapasitesine ula\u015fm\u0131\u015ft\u0131r. Fuaye alanlar\u0131 da resim sergisi ve g\u00f6rsel sanatlara ev sahipli\u011fi yapacakt\u0131r. Ayd\u0131n&#8217;\u0131n yenilenen bu k\u00fclt\u00fcr-sanat yuvas\u0131na, bu topraklar\u0131n yeti\u015ftirdi\u011fi \u00e7ok de\u011ferli siyaset\u00e7i ve b\u00fcrokrat, K\u00fclt\u00fcr ve Turizm Eski Bakan\u0131 Atilla Ko\u00e7&#8217;un ad\u0131n\u0131n verilmesi de son derece isabetli olmu\u015ftur. Ba\u015fhekim ve tiyatro oyunlar\u0131yla halk\u0131m\u0131z\u0131n b\u00fcy\u00fck tevecc\u00fch\u00fcn\u00fc kazanm\u0131\u015f olan Dr. Hidayet Say\u0131n&#8217;\u0131n ismi ise b\u00fcy\u00fck tiyatro salonumuza verilmi\u015ftir. Ayd\u0131n Valili\u011fimize g\u00fc\u00e7l\u00fc i\u015f birlikleri dolay\u0131s\u0131yla te\u015fekk\u00fcr ediyorum. Festivalimizin de etkinlik alanlar\u0131ndan biri olan K\u00fclt\u00fcr Merkezimizin Ayd\u0131nl\u0131lar\u0131n k\u00fclt\u00fcr-sanat hayat\u0131na de\u011fer katmas\u0131n\u0131, zenginle\u015ftirmesini temenni ediyorum&#8221; ifadelerini kulland\u0131.<\/p>\n\n\n\n<p><strong>Tralleis&#8217;ten Nysa&#8217;ya: Binlerce Y\u0131ll\u0131k Medeniyet Miras\u0131 Gelece\u011fe Ta\u015f\u0131n\u0131yor<\/strong><\/p>\n\n\n\n<p>Ayd\u0131n Valisi Yakup Canbolat; &#8220;Bug\u00fcn tarih boyunca farkl\u0131 medeniyetlerin izlerini ta\u015f\u0131yan Ayd\u0131n&#8217;\u0131m\u0131zda T\u00fcrkiye K\u00fclt\u00fcr Yolu Festivali vesilesi ile bir araday\u0131z. 2021 y\u0131l\u0131nda g\u00fc\u00e7l\u00fc bir vizyonla ba\u015flayan festival, \u00fclkemizin k\u00fclt\u00fcrel zenginli\u011fini d\u00fcnyaya tan\u0131tan sayg\u0131n bir markaya d\u00f6n\u00fc\u015fm\u00fc\u015ft\u00fcr. Ayd\u0131n yaln\u0131zca \u015fehir de\u011fil, binlerce y\u0131ll\u0131k medeniyetin ta\u015f\u0131y\u0131c\u0131s\u0131d\u0131r. K\u00f6kl\u00fc miras\u0131 korumay\u0131 gelecek ku\u015faklara aktar\u0131m\u0131n\u0131 asli sorumluluk olarak g\u00f6r\u00fcyoruz. Bu anlay\u0131\u015fla k\u00fclt\u00fcr sanat alt yap\u0131m\u0131z\u0131 g\u00fc\u00e7lendiriyor, \u015fehrimizi gelece\u011fe haz\u0131rl\u0131yoruz. K\u00fclt\u00fcr Yolu Festivalimiz, Ayd\u0131n&#8217;\u0131n zengin d\u00fcnyas\u0131n\u0131 \u00e7a\u011fda\u015f teknoloji ile bulu\u015fturan k\u00fclt\u00fcrel bir \u015f\u00f6len olacakt\u0131r. Tralleis&#8217;ten Nysa&#8217;ya uzanan antik kentlerimizden yank\u0131lanan ezgiler, bu topraklar\u0131n ya\u015fayan bir k\u00fclt\u00fcr oldu\u011funun g\u00f6stergesidir. Biliyoruz ki, medeniyetimizin en g\u00fc\u00e7l\u00fc teminat\u0131 k\u00fclt\u00fcr\u00fc ile ba\u011f kurmu\u015f nesiller olacakt\u0131r. Bu duygu ve d\u00fc\u015f\u00fcn d\u00fc\u015f\u00fcncelerle festivalin Ayd\u0131n&#8217;\u0131m\u0131za hay\u0131rl\u0131 olmas\u0131n\u0131 diliyorum&#8221; dedi.<\/p>\n\n\n\n<p><strong>Turizmde Ahde Vefa: Eski Bakan Atilla Ko\u00e7&#8217;tan K\u00fclt\u00fcr Merkezine \u0130sim Te\u015fekk\u00fcr\u00fc<\/strong><\/p>\n\n\n\n<p>Ad\u0131n\u0131n verilmesinden duydu\u011fu memnuniyeti dile getiren \u00f6nceki d\u00f6nem K\u00fclt\u00fcr ve Turizm Bakan\u0131 Atilla Ko\u00e7; &#8220;Biz Allah&#8217;a \u015f\u00fckreden bir inanc\u0131n sahibiz. te\u015fekk\u00fcr etmek, anmak ve an\u0131lmak g\u00fczel \u015feydir. biz sadece nazik olmak de\u011fil nazenin olmak mecburiyetindeyiz. her \u015fey incelikten k\u0131r\u0131l\u0131rm\u0131\u015f, insano\u011flu kabal\u0131ktan k\u0131r\u0131l\u0131r. Bizleri bir araya getiren bize baz\u0131 makamlar\u0131 m\u00fcnasip g\u00f6ren Reis-i Cumhurumuz Recep Tayyip Erdo\u011fan olmak \u00fczere eme\u011fi ge\u00e7en herkese te\u015fekk\u00fcrlerimi sunar\u0131m&#8221; dedi.<\/p>\n\n\n\n<p>Bu y\u0131l 26 farkl\u0131 \u015fehirde ger\u00e7ekle\u015ftirilecek olan T\u00fcrkiye K\u00fclt\u00fcr Yolu Festivali&#8217;ne ilk kez ev sahipli\u011fi yapacak olan Ayd\u0131n, festival s\u00fcresince antik kentleri, k\u00f6kl\u00fc ya\u015fam k\u00fclt\u00fcr\u00fc ve Ege&#8217;nin kendine \u00f6zg\u00fc mutfak \u00e7e\u015fitlili\u011fiyle ziyaret\u00e7ilere \u00e7ok y\u00f6nl\u00fc bir k\u00fclt\u00fcr-sanat deneyimi sunacak.<\/p>\n\n\n\n<p>02.05.2026,16.47<\/p>\n\n\n\n<p>Kaynak:<a href=\"https:\/\/www.turizmdays.com\/news\/kultur-ve-turizm-bakani-ersoy-kultur-yolu-festivalimiz-26-sehri-kapsayan-buyukluge-ulasmistir-32286\">https:\/\/www.turizmdays.com\/news\/kultur-ve-turizm-bakani-ersoy-kultur-yolu-festivalimiz-26-sehri-kapsayan-buyukluge-ulasmistir-32286<\/a><\/p>\n\n\n\n<p>Edit\u00f6r\u00fcn Notu: Turizm Days  Gazetesi\u2019nde yay\u0131mlanan bu haber, \u00f6z\u00fcne sad\u0131k kal\u0131narak yeniden d\u00fczenlenmi\u015ftir.<\/p>\n","protected":false},"excerpt":{"rendered":"<p>&#8220;K\u00fclt\u00fcr ve Turizm Bakanl\u0131\u011f\u0131&#8217;n\u0131n T\u00fcrkiye&#8217;nin k\u00fclt\u00fcrel zenginli\u011fini d\u00fcnyaya tan\u0131tmak amac\u0131yla hayata ge\u00e7irdi\u011fi T\u00fcrkiye K\u00fclt\u00fcr Yolu Festivali&#8217;nin ikinci dura\u011f\u0131 Ayd\u0131n oldu. A\u00e7\u0131l\u0131\u015f t\u00f6reninde konu\u015fan Bakan Mehmet Nuri Ersoy, festivalin 26 \u015fehri kapsayan devasa bir boyuta ula\u015ft\u0131\u011f\u0131n\u0131 belirterek, etkinliklerin d\u00fczenlendi\u011fi \u015fehirlerdeki otel, restoran ve yerel i\u015fletmelerde ya\u015fanan yo\u011funlu\u011fun i\u00e7 turizm ve b\u00f6lge ekonomisi i\u00e7in b\u00fcy\u00fck bir ivme yaratt\u0131\u011f\u0131n\u0131 vurgulad\u0131.&#8221;<\/p>\n","protected":false},"author":3,"featured_media":7908,"comment_status":"open","ping_status":"open","sticky":false,"template":"","format":"standard","meta":{"_jetpack_memberships_contains_paid_content":false,"footnotes":""},"categories":[11],"tags":[2408],"class_list":["post-7904","post","type-post","status-publish","format-standard","has-post-thumbnail","hentry","category-turizm","tag-kulturyolufestivali-kulturturizmi-aydin-icturizm-mehmetnuriersoy-turkiyeturizmi-turizmekonomisi-kulturelmiras"],"jetpack_featured_media_url":"https:\/\/dbsnewsmedia.com\/wp-content\/uploads\/2026\/05\/32286_kultur-ve-turizm-bakani-ersoy-kultur-yolu-festivalimiz-26-sehri-kapsayan-buyukluge-ulasmistir_0.jpg","jetpack_sharing_enabled":true,"_links":{"self":[{"href":"https:\/\/dbsnewsmedia.com\/index.php?rest_route=\/wp\/v2\/posts\/7904","targetHints":{"allow":["GET"]}}],"collection":[{"href":"https:\/\/dbsnewsmedia.com\/index.php?rest_route=\/wp\/v2\/posts"}],"about":[{"href":"https:\/\/dbsnewsmedia.com\/index.php?rest_route=\/wp\/v2\/types\/post"}],"author":[{"embeddable":true,"href":"https:\/\/dbsnewsmedia.com\/index.php?rest_route=\/wp\/v2\/users\/3"}],"replies":[{"embeddable":true,"href":"https:\/\/dbsnewsmedia.com\/index.php?rest_route=%2Fwp%2Fv2%2Fcomments&post=7904"}],"version-history":[{"count":1,"href":"https:\/\/dbsnewsmedia.com\/index.php?rest_route=\/wp\/v2\/posts\/7904\/revisions"}],"predecessor-version":[{"id":7909,"href":"https:\/\/dbsnewsmedia.com\/index.php?rest_route=\/wp\/v2\/posts\/7904\/revisions\/7909"}],"wp:featuredmedia":[{"embeddable":true,"href":"https:\/\/dbsnewsmedia.com\/index.php?rest_route=\/wp\/v2\/media\/7908"}],"wp:attachment":[{"href":"https:\/\/dbsnewsmedia.com\/index.php?rest_route=%2Fwp%2Fv2%2Fmedia&parent=7904"}],"wp:term":[{"taxonomy":"category","embeddable":true,"href":"https:\/\/dbsnewsmedia.com\/index.php?rest_route=%2Fwp%2Fv2%2Fcategories&post=7904"},{"taxonomy":"post_tag","embeddable":true,"href":"https:\/\/dbsnewsmedia.com\/index.php?rest_route=%2Fwp%2Fv2%2Ftags&post=7904"}],"curies":[{"name":"wp","href":"https:\/\/api.w.org\/{rel}","templated":true}]}}