{"id":7910,"date":"2026-05-02T16:52:22","date_gmt":"2026-05-02T13:52:22","guid":{"rendered":"https:\/\/dbsnewsmedia.com\/?p=7910"},"modified":"2026-05-02T16:52:22","modified_gmt":"2026-05-02T13:52:22","slug":"f1-istanbula-donuyor-turizmde-over-tourism-riskine-karsi-stratejik-planlama-sart","status":"publish","type":"post","link":"https:\/\/dbsnewsmedia.com\/?p=7910","title":{"rendered":"F1 \u0130stanbul&#8217;a D\u00f6n\u00fcyor: Turizmde &#8216;Over-Tourism&#8217; Riskine Kar\u015f\u0131 Stratejik Planlama \u015eart"},"content":{"rendered":"\n<p>T\u00fcrkiye, Formula 1\u2019i yeniden \u0130stanbul Park\u2019a getirerek, dev bir prestij zaferi kazand\u0131. I-MICE Y\u00f6netim Kurulu \u00dcyesi \u0130smail Co\u015far, konuyla ilgili olarak yapt\u0131\u011f\u0131 a\u00e7\u0131klamada, &#8220;Bu ba\u015far\u0131y\u0131 ger\u00e7ek bir ekonomik mucizeye ve s\u00fcrd\u00fcr\u00fclebilir bir \u015fehir modeline d\u00f6n\u00fc\u015ft\u00fcrmek i\u00e7in \u015fimdi kritik bir ad\u0131m daha gerekiyor: Yar\u0131\u015f\u0131 \u0130stanbul\u2019un turizm dengesine en uygun tarihte konumland\u0131rmak&#8221; dedi.<\/p>\n\n\n\n<p>I-MICE Y\u00f6netim Kurulu \u00dcyesi \u0130smail Co\u015far, Formula 1\u2019in yeniden \u0130stanbul&#8217;a gelmesiyle ilgili olarak \u015funlar\u0131 s\u00f6yledi:<\/p>\n\n\n\n<p>Formula 1, \u015fehre sadece bir hafta sonu i\u00e7in turist getiren bir etkinlik de\u011fildir; d\u00fcnyan\u0131n en b\u00fcy\u00fck &#8220;do\u011frudan yabanc\u0131 sermaye ve tan\u0131t\u0131m&#8221; motorlar\u0131ndan biridir. Yar\u0131\u015f haftas\u0131nda \u0130stanbul\u2019a ayak basan \u00fcst segment harcama kapasitesine sahip turist profili, konaklamadan gastronomiye, l\u00fcks ula\u015f\u0131mdan perakendeye kadar her sekt\u00f6rde y\u00fcksek katma de\u011fer yarat\u0131r.<\/p>\n\n\n\n<p>Milyarlarca dolarl\u0131k marka de\u011ferine sahip teknoloji devlerinin ve sponsorlar\u0131n a\u011f\u0131rlanmas\u0131, \u0130stanbul\u2019un sadece bir turizm destinasyonu de\u011fil, ayn\u0131 zamanda k\u00fcresel bir i\u015f ve prestij merkezi oldu\u011funu tesciller. Ancak bu devasa katma de\u011ferin s\u00fcrd\u00fcr\u00fclebilir olmas\u0131, organizasyonun \u015fehrin kapasitesini fel\u00e7 etmesine de\u011fil, onu beslemesine ba\u011fl\u0131d\u0131r.<\/p>\n\n\n\n<p><strong>Y\u00fcksek Sezon Bask\u0131s\u0131: &#8216;Over-Tourism&#8217; Krizine Kar\u015f\u0131 Do\u011fru Takvim Planlamas\u0131<\/strong><\/p>\n\n\n\n<p>\u0130stanbul\u2019un May\u0131s-Ekim aras\u0131ndaki y\u00fcksek turizm sezonunda, otel doluluklar\u0131 ve kruvaziyer trafi\u011fi zaten tarihi yar\u0131m adam ve turizm b\u00f6lgelerinin kapasite s\u0131n\u0131rlar\u0131n\u0131 zorlamaktad\u0131r. Yerel y\u00f6netimlerin ek trafik tedbirleri ald\u0131\u011f\u0131 bu yo\u011fun d\u00f6nemde, F1 gibi dev bir organizasyonun \u015fehre dahil edilmesi, &#8220;D\u00f6nemsel Over-Tourism&#8221; bask\u0131s\u0131n\u0131 art\u0131rabilir. Bu durumun operasyonel verimlili\u011fi ve hizmet kalitesini zorlamamas\u0131 ad\u0131na takvim se\u00e7imi stratejik bir \u00f6nem ta\u015f\u0131maktad\u0131r.<\/p>\n\n\n\n<p><strong>2011&#8217;den Al\u0131nan Ders: Fahi\u015f Fiyatlar ve &#8216;Ula\u015f\u0131labilir L\u00fcks&#8217; \u0130maj\u0131n\u0131n Korunmas\u0131<\/strong><\/p>\n\n\n\n<p>Zamanlamadaki dengesizli\u011fin sonu\u00e7lar\u0131n\u0131 2011\u2019de hep birlikte tecr\u00fcbe ettik. Talep patlamas\u0131 nedeniyle geceli\u011fi 2000 Euro\u2019ya \u00e7\u0131kan oda fiyatlar\u0131, d\u00f6nemin Turizm Bakan\u0131\u2019n\u0131n m\u00fcdahalesine ve sekt\u00f6r uyar\u0131s\u0131na neden olmu\u015ftu. Benzer bir kapasite s\u0131k\u0131\u015f\u0131kl\u0131\u011f\u0131n\u0131n tekrar etmemesi, hem misafir memnuniyeti hem de \u0130stanbul\u2019un &#8220;ula\u015f\u0131labilir l\u00fcks&#8221; imaj\u0131n\u0131n korunmas\u0131 a\u00e7\u0131s\u0131ndan kritiktir.<\/p>\n\n\n\n<p><strong>K\u00fcresel Hatalardan Ders \u00c7\u0131karmak: F1 Takviminden D\u00fc\u015fen \u00dclkeler Nerede Yanl\u0131\u015f Yapt\u0131?<\/strong><\/p>\n\n\n\n<p>D\u00fcnya F1 tarihi, sadece yar\u0131\u015f\u0131 d\u00fczenlemeye odaklan\u0131p s\u00fcrd\u00fcr\u00fclebilir bir ekonomik model kuramad\u0131\u011f\u0131 i\u00e7in takvimden d\u00fc\u015fen \u00fclkelerin tecr\u00fcbeleriyle doludur. Almanya, Malezya ve G\u00fcney Kore gibi \u00fclkeler; operasyonel maliyetleri, \u015fehrin genel turizm takvimiyle do\u011fru e\u015fle\u015ftiremedikleri ve gelir-gider dengesini y\u00f6netemedikleri i\u00e7in organizasyona veda etmek zorunda kalm\u0131\u015flard\u0131r. Hindistan ve Vietnam gibi \u00f6rnekler ise zamanlama ve y\u00f6netim hatalar\u0131n\u0131n bu devasa yat\u0131r\u0131mlar\u0131 nas\u0131l verimsizle\u015ftirdi\u011fini kan\u0131tlam\u0131\u015ft\u0131r.<\/p>\n\n\n\n<p>Bu k\u00fcresel tecr\u00fcbeler bize g\u00f6steriyor ki; F1\u2019in ba\u015far\u0131s\u0131 sadece damal\u0131 bayra\u011f\u0131n sallanmas\u0131nda de\u011fil, organizasyonun \u015fehrin en y\u00fcksek verim alaca\u011f\u0131 zaman dilimine yerle\u015ftirilmesinde gizlidir.<\/p>\n\n\n\n<p><strong>Turizm Grafi\u011fini De\u011fi\u015ftirecek Hamle: &#8216;\u00d6l\u00fc Sezon&#8217;da Mart ve Kas\u0131m Kald\u0131rac\u0131<\/strong><\/p>\n\n\n\n<p>F1 takvimindeki teknik aralar ve k\u00fcresel lojistik ak\u0131\u015f\u0131 g\u00f6z \u00f6n\u00fcne al\u0131nd\u0131\u011f\u0131nda; T\u00fcrkiye i\u00e7in as\u0131l hamle, sezonun ba\u015flang\u0131\u00e7 veya biti\u015f s\u0131n\u0131rlar\u0131n\u0131 hedeflemektir. Aral\u0131k, Ocak ve \u015eubat aylar\u0131ndaki &#8220;\u00f6l\u00fc sezon&#8221; durgunlu\u011funun hemen e\u015fi\u011finde yer alan Mart veya Kas\u0131m aylar\u0131, \u0130stanbul\u2019un turizm grafi\u011fini k\u00f6kten de\u011fi\u015ftirebilecek bir kald\u0131ra\u00e7 etkisine sahiptir.<\/p>\n\n\n\n<ul class=\"wp-block-list\">\n<li><strong>Ekonomik Verimlilik ve At\u0131l Kapasite:<\/strong>\u00a0Y\u00fcksek sezonda zaten %100 dolu olan bir sistemi zorlamak yerine; d\u00fc\u015f\u00fck sezonda bo\u015f kalan otel odalar\u0131n\u0131, restoranlar\u0131 ve l\u00fcks ula\u015f\u0131m ara\u00e7lar\u0131n\u0131 F1\u2019in y\u00fcksek harcama kapasiteli kitlesiyle doldurmak, \u015fehre do\u011frudan &#8220;net ek gelir&#8221; sa\u011flar. Bu, mevcut altyap\u0131y\u0131 ek maliyet yaratmadan tam verimle kullanmak ve nitelikli personelin d\u00fc\u015f\u00fck sezonda i\u015f kayb\u0131 ya\u015famas\u0131n\u0131 engelleyerek istihdam\u0131 12 aya yaymakt\u0131r.<\/li>\n\n\n\n<li><strong>Hizmet Kalitesi ve &#8220;Premium&#8221; Alg\u0131:<\/strong>\u00a0\u015eehrin ve altyap\u0131n\u0131n yorulmad\u0131\u011f\u0131 bu d\u00f6nemlerde sunulacak kusursuz hizmet, \u0130stanbul\u2019un global imaj\u0131n\u0131 peki\u015ftirir. Ula\u015f\u0131m\u0131n ak\u0131c\u0131 oldu\u011fu ve butik hizmet kalitesinin zirveye \u00e7\u0131kt\u0131\u011f\u0131 bir ortamda a\u011f\u0131rlanan F1 kitlesi, \u015fehirden en y\u00fcksek memnuniyetle ayr\u0131l\u0131r.<\/li>\n\n\n\n<li><strong>K\u00fcresel Vitrin ve Rezervasyon Etkisi:<\/strong>\u00a0Bu aylar, \u0130stanbul\u2019un t\u00fcm y\u0131l\u0131n\u0131 besleyecek bir pazarlama g\u00fcc\u00fc sunar. Mart ay\u0131ndaki yar\u0131\u015f, tatil planlar\u0131n\u0131n yap\u0131ld\u0131\u011f\u0131 d\u00f6nemde dev bir &#8220;erken rezervasyon&#8221; reklam\u0131 yaparak yaz sezonunu garantiler. Kas\u0131m ay\u0131ndaki yar\u0131\u015f ise, \u015fehrin k\u0131\u015f cazibesini hat\u0131rlatarak \u00f6zellikle Aral\u0131k ve Ocak aylar\u0131ndaki y\u0131l sonu tatilleri i\u00e7in g\u00fc\u00e7l\u00fc bir tercih motivasyonu olu\u015fturur.<\/li>\n<\/ul>\n\n\n\n<p><strong>S\u00fcrd\u00fcr\u00fclebilir Turizm Hedefi: Gelece\u011fi Y\u00f6neten Bir \u0130stanbul Vizyonu<\/strong><\/p>\n\n\n\n<p>F1\u2019i yeniden T\u00fcrkiye\u2019ye kazand\u0131rmak b\u00fcy\u00fck bir vizyonun ilk ad\u0131m\u0131yd\u0131. Ancak bir di\u011fer ba\u015far\u0131; bu dev organizasyonu \u0130stanbul\u2019un turizm yo\u011funlu\u011fu alt\u0131nda ezildi\u011fi aylar yerine, \u015fehrin nefes ald\u0131\u011f\u0131 ve ekonomik ivmeye en \u00e7ok ihtiya\u00e7 duydu\u011fu Mart veya Kas\u0131m d\u00f6nemine yerle\u015ftirmektir. Uluslararas\u0131 tecr\u00fcbelerden ders alarak; organizasyonu \u015fehrin altyap\u0131s\u0131yla \u00e7at\u0131\u015ft\u0131rmak yerine, d\u00fc\u015f\u00fck sezonun at\u0131l kapasitesini kazanca d\u00f6n\u00fc\u015ft\u00fcren bu stratejik yakla\u015f\u0131m, \u0130stanbul\u2019u ger\u00e7ek bir d\u00fcnya markas\u0131 olarak tescilleyecektir.<\/p>\n\n\n\n<p>Hedefimiz; sadece damal\u0131 bayra\u011f\u0131n sallanmas\u0131 de\u011fil, \u0130stanbul\u2019un turizm potansiyelini 12 aya yayan, esnaf\u0131ndan otelcisine, \u015fof\u00f6r\u00fcnden rehberine kadar t\u00fcm sekt\u00f6r\u00fcn kazand\u0131\u011f\u0131 s\u00fcrd\u00fcr\u00fclebilir bir model olu\u015fturmakt\u0131r. Do\u011fru takvim diplomasisiyle; \u0130stanbul hem k\u00fcresel vitrinde hak etti\u011fi &#8220;premium&#8221; yerini koruyacak hem de her y\u0131l yeni rekorlara imza atacakt\u0131r.<\/p>\n\n\n\n<p>Kazanan \u0130stanbul\u2019umuz olsun, Kazanan sekt\u00f6r\u00fcm\u00fcz olsun, Kazanan T\u00fcrkiye\u2019miz olsun!<\/p>\n\n\n\n<p>02.05.2026,16.51<\/p>\n\n\n\n<p>Kaynak:<a href=\"https:\/\/www.turizmaktuel.com\/haber\/ismail-cosar-f1-istanbul-un-turizm-dengesine-en-uygun-tarihte-yapilmalidir\">https:\/\/www.turizmaktuel.com\/haber\/ismail-cosar-f1-istanbul-un-turizm-dengesine-en-uygun-tarihte-yapilmalidir<\/a><\/p>\n\n\n\n<p>Edit\u00f6r\u00fcn Notu: Turizm Akt\u00fcel Gazetesi\u2019nde yay\u0131mlanan bu haber, \u00f6z\u00fcne sad\u0131k kal\u0131narak yeniden d\u00fczenlenmi\u015ftir.<\/p>\n\n\n\n<p><\/p>\n","protected":false},"excerpt":{"rendered":"<p>&#8220;Formula 1&#8217;in yeniden \u0130stanbul&#8217;a d\u00f6n\u00fc\u015f\u00fc turizm sekt\u00f6r\u00fcnde b\u00fcy\u00fck heyecan yarat\u0131rken, I-MICE Y\u00f6netim Kurulu \u00dcyesi \u0130smail Co\u015far&#8217;dan stratejik bir uyar\u0131 geldi. Dev organizasyonun, otel ve altyap\u0131 kapasitesinin zaten zirvede oldu\u011fu yaz aylar\u0131nda &#8216;Over-Tourism&#8217; (A\u015f\u0131r\u0131 Turizm) riski yaratabilece\u011fini belirten Co\u015far, F1 yar\u0131\u015flar\u0131n\u0131n \u015fehrin at\u0131l kapasitesinin de\u011ferlendirilebilece\u011fi ve turizmin 12 aya yay\u0131labilece\u011fi Mart veya Kas\u0131m aylar\u0131nda d\u00fczenlenmesi gerekti\u011fini vurgulad\u0131.&#8221;<\/p>\n","protected":false},"author":3,"featured_media":7914,"comment_status":"open","ping_status":"open","sticky":false,"template":"","format":"standard","meta":{"_jetpack_memberships_contains_paid_content":false,"footnotes":""},"categories":[11],"tags":[2410],"class_list":["post-7910","post","type-post","status-publish","format-standard","has-post-thumbnail","hentry","category-turizm","tag-turizmekonomisi-formula1-f1istanbul-ismailcosar-surdurulebilirturizm-mice-overtourism-turizmsektoru"],"jetpack_featured_media_url":"https:\/\/dbsnewsmedia.com\/wp-content\/uploads\/2026\/05\/image-1777729147258774237.jpg","jetpack_sharing_enabled":true,"_links":{"self":[{"href":"https:\/\/dbsnewsmedia.com\/index.php?rest_route=\/wp\/v2\/posts\/7910","targetHints":{"allow":["GET"]}}],"collection":[{"href":"https:\/\/dbsnewsmedia.com\/index.php?rest_route=\/wp\/v2\/posts"}],"about":[{"href":"https:\/\/dbsnewsmedia.com\/index.php?rest_route=\/wp\/v2\/types\/post"}],"author":[{"embeddable":true,"href":"https:\/\/dbsnewsmedia.com\/index.php?rest_route=\/wp\/v2\/users\/3"}],"replies":[{"embeddable":true,"href":"https:\/\/dbsnewsmedia.com\/index.php?rest_route=%2Fwp%2Fv2%2Fcomments&post=7910"}],"version-history":[{"count":1,"href":"https:\/\/dbsnewsmedia.com\/index.php?rest_route=\/wp\/v2\/posts\/7910\/revisions"}],"predecessor-version":[{"id":7916,"href":"https:\/\/dbsnewsmedia.com\/index.php?rest_route=\/wp\/v2\/posts\/7910\/revisions\/7916"}],"wp:featuredmedia":[{"embeddable":true,"href":"https:\/\/dbsnewsmedia.com\/index.php?rest_route=\/wp\/v2\/media\/7914"}],"wp:attachment":[{"href":"https:\/\/dbsnewsmedia.com\/index.php?rest_route=%2Fwp%2Fv2%2Fmedia&parent=7910"}],"wp:term":[{"taxonomy":"category","embeddable":true,"href":"https:\/\/dbsnewsmedia.com\/index.php?rest_route=%2Fwp%2Fv2%2Fcategories&post=7910"},{"taxonomy":"post_tag","embeddable":true,"href":"https:\/\/dbsnewsmedia.com\/index.php?rest_route=%2Fwp%2Fv2%2Ftags&post=7910"}],"curies":[{"name":"wp","href":"https:\/\/api.w.org\/{rel}","templated":true}]}}