{"id":7915,"date":"2026-05-02T16:53:40","date_gmt":"2026-05-02T13:53:40","guid":{"rendered":"https:\/\/dbsnewsmedia.com\/?p=7915"},"modified":"2026-05-02T16:53:40","modified_gmt":"2026-05-02T13:53:40","slug":"cihangir-atolye-sahnesi-bursada-odenmeyecek-odemiyoruz","status":"publish","type":"post","link":"https:\/\/dbsnewsmedia.com\/?p=7915","title":{"rendered":"Cihangir At\u00f6lye Sahnesi Bursa\u2019da: \u201c\u00d6denmeyecek! \u00d6demiyoruz!\u201d"},"content":{"rendered":"\n<p>02.05.2026     16:55<\/p>\n\n\n\n<p>Cihangir At\u00f6lye Sahnesi (CAS), 2019 y\u0131l\u0131ndan bu yana sahneledi\u011fi Dario Fo\u2019nun \u201c\u00d6denmeyecek! \u00d6demiyoruz!\u201d oyunuyla Bursa\u2019da. S\u00fcrekli ve orant\u0131s\u0131z zamlarla bo\u011fu\u015fan i\u015f\u00e7i s\u0131n\u0131f\u0131n\u0131n g\u00fcnl\u00fck ya\u015fam\u0131n anlatan komedi 9 May\u0131s\u2019ta tiyatro severlerle bulu\u015facak.<\/p>\n\n\n\n<p>Cihangir At\u00f6lye Sahnesi\u2019nin (CAS) 2019 y\u0131l\u0131ndan bu yana sahneledi\u011fi \u201c\u00d6denmeyecek! \u00d6demiyoruz!\u201d, turne program\u0131 kapsam\u0131nda Bursa seyircisiyle bulu\u015fmaya haz\u0131rlan\u0131yor. Nobel \u00f6d\u00fcll\u00fc yazar Dario Fo\u2019nun kaleme ald\u0131\u011f\u0131 ve Arzu Gamze K\u0131l\u0131n\u00e7\u2019\u0131n y\u00f6netti\u011fi oyun, 9 May\u0131s Cumartesi 20.30\u2019da Bursa Nil\u00fcfer Belediyesi U\u011fur Mumcu Sahnesi\u2019nde seyirci kar\u015f\u0131s\u0131na \u00e7\u0131kacak.<\/p>\n\n\n\n<p>1974 y\u0131l\u0131nda yaz\u0131lan ve ancak g\u00fcn\u00fcm\u00fczde de ola\u011fan\u00fcst\u00fc bir g\u00fcncelli\u011fe sahip olan oyun, s\u00fcrekli ve orant\u0131s\u0131z zamlarla bo\u011fu\u015fan i\u015f\u00e7i s\u0131n\u0131f\u0131n\u0131n g\u00fcnl\u00fck ya\u015fam\u0131n\u0131 ve \u00e7ektikleri s\u0131k\u0131nt\u0131lar\u0131 ele al\u0131yor. Ekonomik sistemi ele\u015ftiren Dario Fo, \u00e7uvald\u0131z\u0131 en \u00e7ok da \u0131l\u0131ml\u0131 muhalefete bat\u0131rarak politik bir komediye imza at\u0131yor.<\/p>\n\n\n\n<p>Oyun, \u0130talya\u2019n\u0131n varo\u015flar\u0131nda ya\u015fam m\u00fccadelesi veren insanlar\u0131n sisteme kar\u015f\u0131 verdikleri direni\u015fi, kar\u015f\u0131la\u015ft\u0131klar\u0131 zorluklar\u0131 komik bir dille anlat\u0131yor.<\/p>\n\n\n\n<p>\u0130ki i\u015f\u00e7i ailesinin hem birbirleriyle hem de sistemle olan m\u00fccadelesini konu alan eser, y\u00fckselen hayat pahal\u0131l\u0131\u011f\u0131 kar\u015f\u0131s\u0131nda varo\u015flarda ya\u015fayan kad\u0131nlar\u0131n \u201c\u00d6denmeyecek! \u00d6demiyoruz!\u201d diyerek s\u00fcpermarketteki yiyeceklere el koymalar\u0131n\u0131 merkezine al\u0131yor.<\/p>\n\n\n\n<h2 class=\"wp-block-heading\"><strong>Kadro<\/strong><\/h2>\n\n\n\n<p>Yazan: Dario Fo<\/p>\n\n\n\n<p>\u00c7eviren: F\u00fcsun Demirel<\/p>\n\n\n\n<p>Y\u00f6neten: Arzu Gamze K\u0131l\u0131n\u00e7<\/p>\n\n\n\n<p>Dekor Tasar\u0131m\u0131: Osman \u00d6zcan<\/p>\n\n\n\n<p>I\u015f\u0131k Tasar\u0131m\u0131: Onur Alag\u00f6z<\/p>\n\n\n\n<p>Oyuncular: Alper \u0130rvan, Berfin Karatay, \u00c7a\u011fda\u015f Ekin \u015ei\u015fman, K\u0131van\u00e7 K\u0131l\u0131n\u00e7, Osman Onur Can<\/p>\n\n\n\n<p>Kaynak:<a href=\"https:\/\/www.evrensel.net\/haber\/5982282\/odenmeyecek-odemiyoruz-cihangir-atolye-sahnesi-bursa-seyircisiyle-bulusuyor\">https:\/\/www.evrensel.net\/haber\/5982282\/odenmeyecek-odemiyoruz-cihangir-atolye-sahnesi-bursa-seyircisiyle-bulusuyor<\/a><\/p>\n","protected":false},"excerpt":{"rendered":"<p>02.05.2026 16:55 Cihangir At\u00f6lye Sahnesi (CAS), 2019 y\u0131l\u0131ndan bu yana sahneledi\u011fi Dario Fo\u2019nun \u201c\u00d6denmeyecek! \u00d6demiyoruz!\u201d oyunuyla Bursa\u2019da. S\u00fcrekli ve orant\u0131s\u0131z zamlarla bo\u011fu\u015fan i\u015f\u00e7i s\u0131n\u0131f\u0131n\u0131n g\u00fcnl\u00fck ya\u015fam\u0131n anlatan komedi 9 May\u0131s\u2019ta tiyatro severlerle bulu\u015facak. Cihangir At\u00f6lye Sahnesi\u2019nin (CAS) 2019 y\u0131l\u0131ndan bu yana sahneledi\u011fi \u201c\u00d6denmeyecek! \u00d6demiyoruz!\u201d, turne program\u0131 kapsam\u0131nda Bursa seyircisiyle bulu\u015fmaya haz\u0131rlan\u0131yor. Nobel \u00f6d\u00fcll\u00fc yazar Dario&#8230;<\/p>\n","protected":false},"author":5,"featured_media":7918,"comment_status":"open","ping_status":"open","sticky":false,"template":"","format":"standard","meta":{"_jetpack_memberships_contains_paid_content":false,"footnotes":""},"categories":[10],"tags":[2411],"class_list":["post-7915","post","type-post","status-publish","format-standard","has-post-thumbnail","hentry","category-kultur-sanat","tag-odenmeyecek-odemiyoruz"],"jetpack_featured_media_url":"https:\/\/dbsnewsmedia.com\/wp-content\/uploads\/2026\/05\/82.jpg","jetpack_sharing_enabled":true,"_links":{"self":[{"href":"https:\/\/dbsnewsmedia.com\/index.php?rest_route=\/wp\/v2\/posts\/7915","targetHints":{"allow":["GET"]}}],"collection":[{"href":"https:\/\/dbsnewsmedia.com\/index.php?rest_route=\/wp\/v2\/posts"}],"about":[{"href":"https:\/\/dbsnewsmedia.com\/index.php?rest_route=\/wp\/v2\/types\/post"}],"author":[{"embeddable":true,"href":"https:\/\/dbsnewsmedia.com\/index.php?rest_route=\/wp\/v2\/users\/5"}],"replies":[{"embeddable":true,"href":"https:\/\/dbsnewsmedia.com\/index.php?rest_route=%2Fwp%2Fv2%2Fcomments&post=7915"}],"version-history":[{"count":1,"href":"https:\/\/dbsnewsmedia.com\/index.php?rest_route=\/wp\/v2\/posts\/7915\/revisions"}],"predecessor-version":[{"id":7919,"href":"https:\/\/dbsnewsmedia.com\/index.php?rest_route=\/wp\/v2\/posts\/7915\/revisions\/7919"}],"wp:featuredmedia":[{"embeddable":true,"href":"https:\/\/dbsnewsmedia.com\/index.php?rest_route=\/wp\/v2\/media\/7918"}],"wp:attachment":[{"href":"https:\/\/dbsnewsmedia.com\/index.php?rest_route=%2Fwp%2Fv2%2Fmedia&parent=7915"}],"wp:term":[{"taxonomy":"category","embeddable":true,"href":"https:\/\/dbsnewsmedia.com\/index.php?rest_route=%2Fwp%2Fv2%2Fcategories&post=7915"},{"taxonomy":"post_tag","embeddable":true,"href":"https:\/\/dbsnewsmedia.com\/index.php?rest_route=%2Fwp%2Fv2%2Ftags&post=7915"}],"curies":[{"name":"wp","href":"https:\/\/api.w.org\/{rel}","templated":true}]}}