{"id":7923,"date":"2026-05-02T22:11:59","date_gmt":"2026-05-02T19:11:59","guid":{"rendered":"https:\/\/dbsnewsmedia.com\/?p=7923"},"modified":"2026-05-02T22:11:59","modified_gmt":"2026-05-02T19:11:59","slug":"yunanistan-251-plajda-sezlong-ve-semsiyeleri-yasakladi","status":"publish","type":"post","link":"https:\/\/dbsnewsmedia.com\/?p=7923","title":{"rendered":"Yunanistan 251 Plajda \u015eezlong ve \u015eemsiyeleri Yasaklad\u0131!"},"content":{"rendered":"\n<h2 class=\"wp-block-heading\">Yunanistan, yaz sezonu \u00f6ncesinde k\u0131y\u0131 \u015feritlerine y\u00f6nelik yeni d\u00fczenlemeler kapsam\u0131nda 251 plajda \u015fezlong ve \u015femsiye kullan\u0131m\u0131n\u0131 yasaklad\u0131.<\/h2>\n\n\n\n<p>Yetkililer, uygulaman\u0131n \u00f6zellikle \u00e7evresel a\u00e7\u0131dan hassas b\u00f6lgeleri korumay\u0131 ve artan turizm bask\u0131s\u0131n\u0131n k\u0131y\u0131 ekosistemleri \u00fczerindeki etkisini azaltmay\u0131 ama\u00e7lad\u0131\u011f\u0131n\u0131 belirtti.<\/p>\n\n\n\n<p>D\u00fczenleme, Natura 2000 koruma a\u011f\u0131 kapsam\u0131ndaki alanlarda geni\u015fletilmi\u015f koruma tedbirlerini i\u00e7eriyor.<\/p>\n\n\n\n<p>Yeni kurallara g\u00f6re, belirlenen plajlarda \u015fezlong, \u015femsiye ve hoparl\u00f6r kullan\u0131m\u0131 tamamen yasakland\u0131. Ayr\u0131ca organize spor etkinlikleri, plaj barlar\u0131 ve ticari i\u015fletmelerin b\u00fcy\u00fck b\u00f6l\u00fcm\u00fc de yasak kapsam\u0131na al\u0131nd\u0131.<\/p>\n\n\n\n<p>Otellerin sahil \u015feritlerinde \u00f6zel alan olu\u015fturmas\u0131na da izin verilmeyecek.<\/p>\n\n\n\n<p>D\u00fczenleme kapsam\u0131nda baz\u0131 plajlar\u0131n tamamen halka a\u00e7\u0131lmas\u0131 hedeflenirken, beton iskeleler, deniz duvarlar\u0131 ve kal\u0131c\u0131 yap\u0131lar\u0131n in\u015fas\u0131 da yasakland\u0131.<\/p>\n\n\n\n<p>Plajlara ara\u00e7 giri\u015fi engellendi, 10 ki\u015fiyi a\u015fan etkinlikler ve y\u00fcksek sesli m\u00fczik kullan\u0131m\u0131 da tamamen yasak kapsam\u0131na al\u0131nd\u0131.<\/p>\n\n\n\n<p>\u00c7evre Bakanl\u0131\u011f\u0131, uygulaman\u0131n \u201cy\u00fcksek ekolojik ve estetik de\u011fere sahip k\u0131y\u0131 alanlar\u0131n\u0131n korunmas\u0131\u201d amac\u0131 ta\u015f\u0131d\u0131\u011f\u0131n\u0131 a\u00e7\u0131klad\u0131.<\/p>\n\n\n\n<p>Karar, \u00f6zellikle yaz aylar\u0131nda yo\u011fun turist ak\u0131n\u0131 ya\u015fayan b\u00f6lgelerde artan bask\u0131 nedeniyle al\u0131nd\u0131. Son y\u0131llarda Zakintos, Mikonos ve Santorini gibi adalarda turist say\u0131s\u0131ndaki art\u0131\u015f yerel altyap\u0131y\u0131 zorlam\u0131\u015ft\u0131.<\/p>\n\n\n\n<p>Koruma listesi, hem daha uzak ve bakir k\u0131y\u0131 \u015feritlerini hem de Balos Plaj\u0131, Elafonisi Plaj\u0131 ve Falassarna Plaj\u0131 gibi uluslararas\u0131 d\u00fczeyde bilinen destinasyonlar\u0131 kaps\u0131yor. Ayr\u0131ca Naksos, Rodos, Korfu ve Lefkada gibi adalar genelinde yer alan \u00e7ok say\u0131da sahil alan\u0131 da koruma alt\u0131na al\u0131nan b\u00f6lgeler aras\u0131nda bulunuyor.<\/p>\n\n\n\n<p>Yetkililer, yeni d\u00fczenlemelerin uzun vadede hem \u00e7evrenin korunmas\u0131na hem de turizm faaliyetlerinin s\u00fcrd\u00fcr\u00fclebilirli\u011fine katk\u0131 sa\u011flamas\u0131n\u0131 hedefliyor.<\/p>\n\n\n\n<p>Kom\u015fu Haber:<a href=\"https:\/\/spontanedigital.com.tr\/?p=10568\">https:\/\/spontanedigital.com.tr\/?p=10568<\/a><\/p>\n\n\n\n<p>Kaynak:&nbsp;<a href=\"https:\/\/www.sozcu.com.tr\/plajlarda-sezlong-ve-semsiye-yasaklandi-p315828\">S\u00f6zc\u00fc<\/a><br>G\u00f6rsel:&nbsp;<a href=\"https:\/\/sozcu01.sozcucdn.com\/sozcu\/production\/uploads\/images\/2026\/5\/yeni-proje-20260501t085456751png-IUqUGnQ64UmklcibG2z8DQ.png?w=776&amp;h=436&amp;mode=crop&amp;scale=both\">S\u00f6zc\u00fc<\/a><br>Tarih: 1.05.2026 17:33<\/p>\n","protected":false},"excerpt":{"rendered":"<p>Yunanistan, yaz sezonu \u00f6ncesinde k\u0131y\u0131 \u015feritlerine y\u00f6nelik yeni d\u00fczenlemeler kapsam\u0131nda 251 plajda \u015fezlong ve \u015femsiye kullan\u0131m\u0131n\u0131 yasaklad\u0131. Yetkililer, uygulaman\u0131n \u00f6zellikle \u00e7evresel a\u00e7\u0131dan hassas b\u00f6lgeleri korumay\u0131 ve artan turizm bask\u0131s\u0131n\u0131n k\u0131y\u0131 ekosistemleri \u00fczerindeki etkisini azaltmay\u0131 ama\u00e7lad\u0131\u011f\u0131n\u0131 belirtti. D\u00fczenleme, Natura 2000 koruma a\u011f\u0131 kapsam\u0131ndaki alanlarda geni\u015fletilmi\u015f koruma tedbirlerini i\u00e7eriyor. Yeni kurallara g\u00f6re, belirlenen plajlarda \u015fezlong, \u015femsiye ve&#8230;<\/p>\n","protected":false},"author":3,"featured_media":7924,"comment_status":"open","ping_status":"open","sticky":false,"template":"","format":"standard","meta":{"_jetpack_memberships_contains_paid_content":false,"footnotes":""},"categories":[11],"tags":[375],"class_list":["post-7923","post","type-post","status-publish","format-standard","has-post-thumbnail","hentry","category-turizm","tag-turizm"],"jetpack_featured_media_url":"https:\/\/dbsnewsmedia.com\/wp-content\/uploads\/2026\/05\/yeni-proje-20260501t085456751png-IUqUGnQ64UmklcibG2z8DQ.webp","jetpack_sharing_enabled":true,"_links":{"self":[{"href":"https:\/\/dbsnewsmedia.com\/index.php?rest_route=\/wp\/v2\/posts\/7923","targetHints":{"allow":["GET"]}}],"collection":[{"href":"https:\/\/dbsnewsmedia.com\/index.php?rest_route=\/wp\/v2\/posts"}],"about":[{"href":"https:\/\/dbsnewsmedia.com\/index.php?rest_route=\/wp\/v2\/types\/post"}],"author":[{"embeddable":true,"href":"https:\/\/dbsnewsmedia.com\/index.php?rest_route=\/wp\/v2\/users\/3"}],"replies":[{"embeddable":true,"href":"https:\/\/dbsnewsmedia.com\/index.php?rest_route=%2Fwp%2Fv2%2Fcomments&post=7923"}],"version-history":[{"count":1,"href":"https:\/\/dbsnewsmedia.com\/index.php?rest_route=\/wp\/v2\/posts\/7923\/revisions"}],"predecessor-version":[{"id":7925,"href":"https:\/\/dbsnewsmedia.com\/index.php?rest_route=\/wp\/v2\/posts\/7923\/revisions\/7925"}],"wp:featuredmedia":[{"embeddable":true,"href":"https:\/\/dbsnewsmedia.com\/index.php?rest_route=\/wp\/v2\/media\/7924"}],"wp:attachment":[{"href":"https:\/\/dbsnewsmedia.com\/index.php?rest_route=%2Fwp%2Fv2%2Fmedia&parent=7923"}],"wp:term":[{"taxonomy":"category","embeddable":true,"href":"https:\/\/dbsnewsmedia.com\/index.php?rest_route=%2Fwp%2Fv2%2Fcategories&post=7923"},{"taxonomy":"post_tag","embeddable":true,"href":"https:\/\/dbsnewsmedia.com\/index.php?rest_route=%2Fwp%2Fv2%2Ftags&post=7923"}],"curies":[{"name":"wp","href":"https:\/\/api.w.org\/{rel}","templated":true}]}}