{"id":7941,"date":"2026-05-02T23:58:06","date_gmt":"2026-05-02T20:58:06","guid":{"rendered":"https:\/\/dbsnewsmedia.com\/?p=7941"},"modified":"2026-05-02T23:58:06","modified_gmt":"2026-05-02T20:58:06","slug":"7-etabin-galibi-davide-ballerini-oldu","status":"publish","type":"post","link":"https:\/\/dbsnewsmedia.com\/?p=7941","title":{"rendered":"7. etab\u0131n galibi Davide Ballerini oldu"},"content":{"rendered":"\n<p>61. Cumhurba\u015fkanl\u0131\u011f\u0131 T\u00fcrkiye Bisiklet Turu Yedinci etab\u0131n galibi Davide Ballerini oldu.<br><br><a href=\"https:\/\/www.fotomac.com.tr\/haberleri\/61-cumhurbaskanligi-turkiye-bisiklet-turu?id=71c067e8-21ea-48fd-8ae1-008bd77781c7\" class=\"\">61. Cumhurba\u015fkanl\u0131\u011f\u0131 T\u00fcrkiye Bisiklet Turu<\/a>&#8216;nun (TUR 2026) yedinci etab\u0131 olan Antalya-Antalya etab\u0131n\u0131, XDS Astana tak\u0131m\u0131ndan \u0130talyan sporcu&nbsp;<a href=\"https:\/\/www.fotomac.com.tr\/haberleri\/davide-ballerini?id=482faaa3-574c-4693-a897-c4b86913d7a9\" class=\"\">Davide Ballerini<\/a>&nbsp;kazand\u0131. Antalya&#8217;daki 152,8 kilometrelik etab\u0131, 3 saat 19 dakika 41 saniyede tamamlayan Davide Ballerini birinci s\u0131ray\u0131 ald\u0131.<\/p>\n\n\n\n<p>Sprint fini\u015fine sahne olan parkurda ATT Investments tak\u0131m\u0131ndan Polonyal\u0131 Marceli Boguslawski ikincili\u011fi, Team Flanders-Baloise ekibinden Bel\u00e7ikal\u0131 Tom Crabbe ise \u00fc\u00e7\u00fcnc\u00fcl\u00fc\u011f\u00fc elde etti.<\/p>\n\n\n\n<p>Bu sonu\u00e7la Ballerini ye\u015fil mayonun sahibi olurken, turkuaz ve k\u0131rm\u0131z\u0131 mayo Caja Rural-Seguros RGA tak\u0131m\u0131ndan Avustralyal\u0131 Sebastian Berwick&#8217;te kald\u0131.<\/p>\n\n\n\n<p>Konya B\u00fcy\u00fck\u015fehir Belediyespor&#8217;dan milli bisiklet\u00e7i Mustafa Tarak\u00e7\u0131, etab\u0131 4. s\u0131rada tamamlad\u0131 ve beyaz mayoyu korudu.<\/p>\n\n\n\n<p><strong>TUR 2026&#8217;NIN F\u0130NAL\u0130 BA\u015eKENTTE<\/strong><\/p>\n\n\n\n<p>Ege&#8217;den ba\u015flay\u0131p Akdeniz&#8217;e uzanan yar\u0131\u015f, yar\u0131n Ankara&#8217;da yap\u0131lacak 8. etapla sona erecek.<\/p>\n\n\n\n<p>Bisiklet\u00e7iler, 108,4 kilometrelik Ankara-Ankara etab\u0131nda pedal \u00e7evirecek. Son etap, An\u0131tkabir ve Cumhurba\u015fkanl\u0131\u011f\u0131 K\u00fclliyesi \u00e7evresindeki hat \u00fczerinde ko\u015fulacak.<\/p>\n\n\n\n<p>Organizasyon, 1999&#8217;dan sonra ilk kez ba\u015fkentte tamamlanacak.<\/p>\n\n\n\n<p>02.05.2026 23:58<\/p>\n\n\n\n<p>Kaynak: <a href=\"https:\/\/www.fotomac.com.tr\/digersporlar\/2026\/05\/02\/7-etabin-kazanani-davide-ballerini\">https:\/\/www.fotomac.com.tr\/digersporlar\/2026\/05\/02\/7-etabin-kazanani-davide-ballerini<\/a><\/p>\n","protected":false},"excerpt":{"rendered":"<p>61. Cumhurba\u015fkanl\u0131\u011f\u0131 T\u00fcrkiye Bisiklet Turu Yedinci etab\u0131n galibi Davide Ballerini oldu. 61. Cumhurba\u015fkanl\u0131\u011f\u0131 T\u00fcrkiye Bisiklet Turu&#8216;nun (TUR 2026) yedinci etab\u0131 olan Antalya-Antalya etab\u0131n\u0131, XDS Astana tak\u0131m\u0131ndan \u0130talyan sporcu&nbsp;Davide Ballerini&nbsp;kazand\u0131. Antalya&#8217;daki 152,8 kilometrelik etab\u0131, 3 saat 19 dakika 41 saniyede tamamlayan Davide Ballerini birinci s\u0131ray\u0131 ald\u0131. Sprint fini\u015fine sahne olan parkurda ATT Investments tak\u0131m\u0131ndan Polonyal\u0131 Marceli&#8230;<\/p>\n","protected":false},"author":2,"featured_media":7942,"comment_status":"open","ping_status":"open","sticky":false,"template":"","format":"standard","meta":{"_jetpack_memberships_contains_paid_content":false,"footnotes":""},"categories":[8],"tags":[],"class_list":["post-7941","post","type-post","status-publish","format-standard","has-post-thumbnail","hentry","category-spor"],"jetpack_featured_media_url":"https:\/\/dbsnewsmedia.com\/wp-content\/uploads\/2026\/05\/633x358-7-etabin-kazanani-davide-ballerini-1777721583935.png","jetpack_sharing_enabled":true,"_links":{"self":[{"href":"https:\/\/dbsnewsmedia.com\/index.php?rest_route=\/wp\/v2\/posts\/7941","targetHints":{"allow":["GET"]}}],"collection":[{"href":"https:\/\/dbsnewsmedia.com\/index.php?rest_route=\/wp\/v2\/posts"}],"about":[{"href":"https:\/\/dbsnewsmedia.com\/index.php?rest_route=\/wp\/v2\/types\/post"}],"author":[{"embeddable":true,"href":"https:\/\/dbsnewsmedia.com\/index.php?rest_route=\/wp\/v2\/users\/2"}],"replies":[{"embeddable":true,"href":"https:\/\/dbsnewsmedia.com\/index.php?rest_route=%2Fwp%2Fv2%2Fcomments&post=7941"}],"version-history":[{"count":1,"href":"https:\/\/dbsnewsmedia.com\/index.php?rest_route=\/wp\/v2\/posts\/7941\/revisions"}],"predecessor-version":[{"id":7943,"href":"https:\/\/dbsnewsmedia.com\/index.php?rest_route=\/wp\/v2\/posts\/7941\/revisions\/7943"}],"wp:featuredmedia":[{"embeddable":true,"href":"https:\/\/dbsnewsmedia.com\/index.php?rest_route=\/wp\/v2\/media\/7942"}],"wp:attachment":[{"href":"https:\/\/dbsnewsmedia.com\/index.php?rest_route=%2Fwp%2Fv2%2Fmedia&parent=7941"}],"wp:term":[{"taxonomy":"category","embeddable":true,"href":"https:\/\/dbsnewsmedia.com\/index.php?rest_route=%2Fwp%2Fv2%2Fcategories&post=7941"},{"taxonomy":"post_tag","embeddable":true,"href":"https:\/\/dbsnewsmedia.com\/index.php?rest_route=%2Fwp%2Fv2%2Ftags&post=7941"}],"curies":[{"name":"wp","href":"https:\/\/api.w.org\/{rel}","templated":true}]}}