{"id":7954,"date":"2026-05-03T14:47:31","date_gmt":"2026-05-03T11:47:31","guid":{"rendered":"https:\/\/dbsnewsmedia.com\/?p=7954"},"modified":"2026-05-03T14:47:31","modified_gmt":"2026-05-03T11:47:31","slug":"3-mayis-turkculuk-gununun-kokeni-tarihte-bugun-neler-yasandi","status":"publish","type":"post","link":"https:\/\/dbsnewsmedia.com\/?p=7954","title":{"rendered":"3 May\u0131s T\u00fcrk\u00e7\u00fcl\u00fck G\u00fcn\u00fc\u2019n\u00fcn K\u00f6keni: Tarihte Bug\u00fcn Neler Ya\u015fand\u0131?"},"content":{"rendered":"\n<p class=\"has-medium-font-size\"><strong>T\u00fcrkiye\u2019de her y\u0131l 3 May\u0131s tarihinde an\u0131lan T\u00fcrk\u00e7\u00fcl\u00fck G\u00fcn\u00fc\u2019n\u00fcn ge\u00e7mi\u015fi, 1944 y\u0131l\u0131nda ya\u015fanan tarihi olaylara dayan\u0131yor. Peki T\u00fcrk\u00e7\u00fcl\u00fck G\u00fcn\u00fc neyi simgeliyor ve bu \u00f6zel g\u00fcn nas\u0131l ortaya \u00e7\u0131kt\u0131?<\/strong><\/p>\n\n\n\n<p>T\u00fcrk\u00e7\u00fcler G\u00fcn\u00fc ya da di\u011fer bilinen ad\u0131yla&nbsp;<strong>3 May\u0131s T\u00fcrk\u00e7\u00fcl\u00fck G\u00fcn\u00fc<\/strong>&#8216;n\u00fcn nas\u0131l ortaya \u00e7\u0131kt\u0131\u011f\u0131 merak ediliyor.&nbsp;<strong>Peki, 3 May\u0131s T\u00fcrk\u00e7\u00fcl\u00fck G\u00fcn\u00fc nedir? 3 May\u0131s T\u00fcrk\u00e7\u00fcl\u00fck G\u00fcn\u00fc nas\u0131l ortaya \u00e7\u0131kt\u0131?<\/strong><\/p>\n\n\n\n<h3 class=\"wp-block-heading\" style=\"font-size:25px\">3 MAYIS\u2019IN TAR\u0130HSEL ARKA PLANI VE T\u00dcRK\u00c7\u00dcL\u00dcK G\u00dcN\u00dcN\u00dcN ORTAYA \u00c7IKI\u015eI<\/h3>\n\n\n\n<p>Turanc\u0131l\u0131k davas\u0131n\u0131n gerek\u00e7elerinden biri olarak g\u00f6sterilen H\u00fcseyin Nihal Ats\u0131z &#8211; Sabahattin Ali davas\u0131n\u0131n 3 May\u0131s 1944 tarihli duru\u015fmas\u0131ndan sonra ya\u015fanan &#8220;Ankara N\u00fcmayi\u015fi&#8221;ni anmak amac\u0131yla, ilk defa 3 May\u0131s 1945 tarihinde Tophane Asker\u00ee hapishanesinde Nihal Ats\u0131z, Zeki Velidi Togan, Nejdet San\u00e7ar ve Reha O\u011fuz T\u00fcrkkan ba\u015fta olmak \u00fczere 10 mahk\u00fbm taraf\u0131ndan kutlanm\u0131\u015ft\u0131r. Daha sonraki senelerde de devam eden toplant\u0131lar T\u00fcrk\u00e7\u00fcler G\u00fcn\u00fc ad\u0131n\u0131 alm\u0131\u015ft\u0131r.<\/p>\n\n\n\n<h3 class=\"wp-block-heading\" style=\"font-size:25px\">T\u00dcRK\u00c7\u00dcL\u00dcK RUHU VE 3 MAYIS MESAJLARI<\/h3>\n\n\n\n<p><strong><em>&#8220;3 May\u0131s T\u00fcrk\u00e7\u00fcl\u00fck G\u00fcn\u00fc kutlu olsun! T\u00fcrk milletinin birlik, beraberlik ve k\u00fclt\u00fcrel zenginli\u011fini her zaman koruyarak daha g\u00fc\u00e7l\u00fc yar\u0131nlara ilerlememizi diliyorum.&#8221;<\/em><\/strong><\/p>\n\n\n\n<p><strong><em>&#8220;Bug\u00fcn, T\u00fcrk milliyet\u00e7ili\u011finin ve T\u00fcrk\u00e7\u00fcl\u00fck ideallerinin kutland\u0131\u011f\u0131 \u00f6zel bir g\u00fcn. T\u00fcrk\u00e7\u00fcl\u00fck G\u00fcn\u00fc&#8217;n\u00fc gururla kutluyor, T\u00fcrk milletinin birlik ve beraberli\u011fini her zaman \u00f6n planda tutmay\u0131 hedefliyoruz.&#8221;<\/em><\/strong><\/p>\n\n\n\n<p><strong><em>&#8220;T\u00fcrk dilinin ve k\u00fclt\u00fcr\u00fcn\u00fcn korunmas\u0131, T\u00fcrk milletinin gelece\u011fi i\u00e7in b\u00fcy\u00fck \u00f6nem ta\u015f\u0131yor. Bu \u00f6zel g\u00fcnde, T\u00fcrk\u00e7\u00fcl\u00fck idealleri etraf\u0131nda kenetlenerek T\u00fcrk milletinin de\u011ferlerine sahip \u00e7\u0131kmaya devam edelim.&#8221;<\/em><\/strong><\/p>\n\n\n\n<p><strong><em>&#8220;3 May\u0131s T\u00fcrk\u00e7\u00fcl\u00fck G\u00fcn\u00fc&#8217;n\u00fc kutlamak, T\u00fcrk milletinin ortak de\u011ferlerine ve birlik duygusuna olan inanc\u0131m\u0131z\u0131 g\u00f6stermek demektir. Birlikte daha g\u00fc\u00e7l\u00fcy\u00fcz, birlikte daha ileriye gidece\u011fiz!&#8221;<\/em><\/strong><\/p>\n\n\n\n<p>03.05.2026 14:46<\/p>\n\n\n\n<p>Kaynak:<a href=\"https:\/\/www.cumhuriyet.com.tr\/yasam\/3-mayis-turkculuk-gunu-nedir-3-mayis-turkculuk-gunu-nasil-ortaya-cikti-2500572\">https:\/\/www.cumhuriyet.com.tr\/yasam\/3-mayis-turkculuk-gunu-nedir-3-mayis-turkculuk-gunu-nasil-ortaya-cikti-2500572<\/a><\/p>\n\n\n\n<p><em>G\u00f6rsel Pexels.com&#8217;dan al\u0131nm\u0131\u015ft\u0131r.<\/em><\/p>\n","protected":false},"excerpt":{"rendered":"<p>T\u00fcrkiye\u2019de her y\u0131l 3 May\u0131s tarihinde an\u0131lan T\u00fcrk\u00e7\u00fcl\u00fck G\u00fcn\u00fc\u2019n\u00fcn ge\u00e7mi\u015fi, 1944 y\u0131l\u0131nda ya\u015fanan tarihi olaylara dayan\u0131yor. Peki T\u00fcrk\u00e7\u00fcl\u00fck G\u00fcn\u00fc neyi simgeliyor ve bu \u00f6zel g\u00fcn nas\u0131l ortaya \u00e7\u0131kt\u0131? T\u00fcrk\u00e7\u00fcler G\u00fcn\u00fc ya da di\u011fer bilinen ad\u0131yla&nbsp;3 May\u0131s T\u00fcrk\u00e7\u00fcl\u00fck G\u00fcn\u00fc&#8216;n\u00fcn nas\u0131l ortaya \u00e7\u0131kt\u0131\u011f\u0131 merak ediliyor.&nbsp;Peki, 3 May\u0131s T\u00fcrk\u00e7\u00fcl\u00fck G\u00fcn\u00fc nedir? 3 May\u0131s T\u00fcrk\u00e7\u00fcl\u00fck G\u00fcn\u00fc nas\u0131l ortaya \u00e7\u0131kt\u0131?&#8230;<\/p>\n","protected":false},"author":4,"featured_media":7957,"comment_status":"open","ping_status":"open","sticky":false,"template":"","format":"standard","meta":{"_jetpack_memberships_contains_paid_content":false,"footnotes":""},"categories":[2],"tags":[2419,2418],"class_list":["post-7954","post","type-post","status-publish","format-standard","has-post-thumbnail","hentry","category-yasam","tag-3-mayis","tag-turkculuk-gunu"],"jetpack_featured_media_url":"https:\/\/dbsnewsmedia.com\/wp-content\/uploads\/2026\/05\/pexels-lazaydin53-3122088-scaled.jpg","jetpack_sharing_enabled":true,"_links":{"self":[{"href":"https:\/\/dbsnewsmedia.com\/index.php?rest_route=\/wp\/v2\/posts\/7954","targetHints":{"allow":["GET"]}}],"collection":[{"href":"https:\/\/dbsnewsmedia.com\/index.php?rest_route=\/wp\/v2\/posts"}],"about":[{"href":"https:\/\/dbsnewsmedia.com\/index.php?rest_route=\/wp\/v2\/types\/post"}],"author":[{"embeddable":true,"href":"https:\/\/dbsnewsmedia.com\/index.php?rest_route=\/wp\/v2\/users\/4"}],"replies":[{"embeddable":true,"href":"https:\/\/dbsnewsmedia.com\/index.php?rest_route=%2Fwp%2Fv2%2Fcomments&post=7954"}],"version-history":[{"count":1,"href":"https:\/\/dbsnewsmedia.com\/index.php?rest_route=\/wp\/v2\/posts\/7954\/revisions"}],"predecessor-version":[{"id":7958,"href":"https:\/\/dbsnewsmedia.com\/index.php?rest_route=\/wp\/v2\/posts\/7954\/revisions\/7958"}],"wp:featuredmedia":[{"embeddable":true,"href":"https:\/\/dbsnewsmedia.com\/index.php?rest_route=\/wp\/v2\/media\/7957"}],"wp:attachment":[{"href":"https:\/\/dbsnewsmedia.com\/index.php?rest_route=%2Fwp%2Fv2%2Fmedia&parent=7954"}],"wp:term":[{"taxonomy":"category","embeddable":true,"href":"https:\/\/dbsnewsmedia.com\/index.php?rest_route=%2Fwp%2Fv2%2Fcategories&post=7954"},{"taxonomy":"post_tag","embeddable":true,"href":"https:\/\/dbsnewsmedia.com\/index.php?rest_route=%2Fwp%2Fv2%2Ftags&post=7954"}],"curies":[{"name":"wp","href":"https:\/\/api.w.org\/{rel}","templated":true}]}}