{"id":7956,"date":"2026-05-03T14:49:19","date_gmt":"2026-05-03T11:49:19","guid":{"rendered":"https:\/\/dbsnewsmedia.com\/?p=7956"},"modified":"2026-05-03T14:49:19","modified_gmt":"2026-05-03T11:49:19","slug":"super-ligde-nefesler-tutuldu-ilk-veda-bu-hafta-gelebilir","status":"publish","type":"post","link":"https:\/\/dbsnewsmedia.com\/?p=7956","title":{"rendered":"S\u00fcper Lig&#8217;de Nefesler Tutuldu: \u0130lk Veda Bu Hafta Gelebilir!"},"content":{"rendered":"\n<p><strong>Trendyol S\u00fcper Lig&#8217;in 32. haftas\u0131nda bu ak\u015fam d\u00fc\u015fme b\u00f6lgesinde 4 kritik ma\u00e7 oynanacak. Kar\u015f\u0131la\u015fmalar\u0131n sonucuna g\u00f6re S\u00fcper Lig&#8217;e veda edecek ilk tak\u0131m bug\u00fcn belli olabilir.<\/strong><\/p>\n\n\n\n<p>S\u00fcper Lig&#8217;de bitime 3 hafta kala d\u00fc\u015fme hatt\u0131nda birbirinden kritik ma\u00e7lar oynanacak. Son 8 s\u0131radaki tak\u0131mlar\u0131n birbirleriyle kar\u015f\u0131la\u015faca\u011f\u0131 haftada bug\u00fcnk\u00fc 4 kar\u015f\u0131la\u015fma da saat 20.00&#8217;de ba\u015flayacak.<\/p>\n\n\n\n<p>M\u0131s\u0131rl\u0131.com.tr Fatih Karag\u00fcmr\u00fck, Trendyol S\u00fcper Lig&#8217;in 32. haftas\u0131nda d\u00fc\u015fme hatt\u0131n\u0131 yak\u0131ndan ilgilendiren ma\u00e7ta Natura D\u00fcnyas\u0131 Gen\u00e7lerbirli\u011fi&#8217;ni konuk edecek. Atat\u00fcrk Olimpiyat Stad\u0131&#8217;nda, saat 20.00&#8217;de ba\u015flayacak kar\u015f\u0131la\u015fmay\u0131, hakem O\u011fuzhan \u00c7ak\u0131r y\u00f6netecek.<\/p>\n\n\n\n<h3 class=\"wp-block-heading\">KARAG\u00dcMR\u00dcK BUG\u00dcN VEDA EDEB\u0130L\u0130R<\/h3>\n\n\n\n<p>Sezondaki 31 ma\u00e7ta 5 galibiyet, 6 beraberlik, 20 ma\u011flubiyet ya\u015fayan Fatih Karag\u00fcmr\u00fck, 21 puanla 18&#8217;inci ve son basamakta bulunuyor.<\/p>\n\n\n\n<p>Gen\u00e7lerbirli\u011fi ise 7 galibiyet, 7 beraberlik, 17 ma\u011flubiyet sonucunda toplad\u0131\u011f\u0131 28 puan ve averajla 14. s\u0131rada yer al\u0131yor.<\/p>\n\n\n\n<p>\u0130stanbul temsilcisi, ba\u015fkent ekibi kar\u015f\u0131s\u0131nda 3 puan alamamas\u0131 durumunda lige veda edecek.<\/p>\n\n\n\n<h3 class=\"wp-block-heading\">D\u0130\u011eER MA\u00c7LAR<\/h3>\n\n\n\n<p>28 puanl\u0131 Ey\u00fcpspor, ate\u015f \u00e7emberindeki Kayserispor&#8217;a konuk olacak. Tehlikeli b\u00f6lgedeki Antalyaspor Akdeniz derbisinde Alanyaspor&#8217;u a\u011f\u0131rlayacak. 31 puan\u0131 bulunan Kas\u0131mpa\u015fa ise Kocaelispor deplasman\u0131na \u00e7\u0131kacak.<\/p>\n\n\n\n<p>03.05.2026 14:49<\/p>\n\n\n\n<p>Kaynak: <a href=\"https:\/\/www.cumhuriyet.com.tr\/spor\/super-lig-de-gozler-dusme-hattinda-ilk-takim-belli-olabilir-2500610\">https:\/\/www.cumhuriyet.com.tr\/spor\/super-lig-de-gozler-dusme-hattinda-ilk-takim-belli-olabilir-2500610<\/a><\/p>\n","protected":false},"excerpt":{"rendered":"<p>Trendyol S\u00fcper Lig&#8217;in 32. haftas\u0131nda bu ak\u015fam d\u00fc\u015fme b\u00f6lgesinde 4 kritik ma\u00e7 oynanacak. Kar\u015f\u0131la\u015fmalar\u0131n sonucuna g\u00f6re S\u00fcper Lig&#8217;e veda edecek ilk tak\u0131m bug\u00fcn belli olabilir. S\u00fcper Lig&#8217;de bitime 3 hafta kala d\u00fc\u015fme hatt\u0131nda birbirinden kritik ma\u00e7lar oynanacak. Son 8 s\u0131radaki tak\u0131mlar\u0131n birbirleriyle kar\u015f\u0131la\u015faca\u011f\u0131 haftada bug\u00fcnk\u00fc 4 kar\u015f\u0131la\u015fma da saat 20.00&#8217;de ba\u015flayacak. M\u0131s\u0131rl\u0131.com.tr Fatih Karag\u00fcmr\u00fck, Trendyol&#8230;<\/p>\n","protected":false},"author":2,"featured_media":7960,"comment_status":"open","ping_status":"open","sticky":false,"template":"","format":"standard","meta":{"_jetpack_memberships_contains_paid_content":false,"footnotes":""},"categories":[8],"tags":[96],"class_list":["post-7956","post","type-post","status-publish","format-standard","has-post-thumbnail","hentry","category-spor","tag-trendyol-super-lig"],"jetpack_featured_media_url":"https:\/\/dbsnewsmedia.com\/wp-content\/uploads\/2026\/05\/IMG_2680.webp","jetpack_sharing_enabled":true,"_links":{"self":[{"href":"https:\/\/dbsnewsmedia.com\/index.php?rest_route=\/wp\/v2\/posts\/7956","targetHints":{"allow":["GET"]}}],"collection":[{"href":"https:\/\/dbsnewsmedia.com\/index.php?rest_route=\/wp\/v2\/posts"}],"about":[{"href":"https:\/\/dbsnewsmedia.com\/index.php?rest_route=\/wp\/v2\/types\/post"}],"author":[{"embeddable":true,"href":"https:\/\/dbsnewsmedia.com\/index.php?rest_route=\/wp\/v2\/users\/2"}],"replies":[{"embeddable":true,"href":"https:\/\/dbsnewsmedia.com\/index.php?rest_route=%2Fwp%2Fv2%2Fcomments&post=7956"}],"version-history":[{"count":1,"href":"https:\/\/dbsnewsmedia.com\/index.php?rest_route=\/wp\/v2\/posts\/7956\/revisions"}],"predecessor-version":[{"id":7961,"href":"https:\/\/dbsnewsmedia.com\/index.php?rest_route=\/wp\/v2\/posts\/7956\/revisions\/7961"}],"wp:featuredmedia":[{"embeddable":true,"href":"https:\/\/dbsnewsmedia.com\/index.php?rest_route=\/wp\/v2\/media\/7960"}],"wp:attachment":[{"href":"https:\/\/dbsnewsmedia.com\/index.php?rest_route=%2Fwp%2Fv2%2Fmedia&parent=7956"}],"wp:term":[{"taxonomy":"category","embeddable":true,"href":"https:\/\/dbsnewsmedia.com\/index.php?rest_route=%2Fwp%2Fv2%2Fcategories&post=7956"},{"taxonomy":"post_tag","embeddable":true,"href":"https:\/\/dbsnewsmedia.com\/index.php?rest_route=%2Fwp%2Fv2%2Ftags&post=7956"}],"curies":[{"name":"wp","href":"https:\/\/api.w.org\/{rel}","templated":true}]}}