{"id":810,"date":"2026-02-26T22:56:41","date_gmt":"2026-02-26T19:56:41","guid":{"rendered":"http:\/\/www.dbsnewsmedia.com\/?p=810"},"modified":"2026-02-26T22:56:41","modified_gmt":"2026-02-26T19:56:41","slug":"civic-sahiplerine-kotu-haber-servis-yolu-gorundu","status":"publish","type":"post","link":"https:\/\/dbsnewsmedia.com\/?p=810","title":{"rendered":"Civic Sahiplerine K\u00f6t\u00fc Haber: Servis Yolu G\u00f6r\u00fcnd\u00fc"},"content":{"rendered":"\n<p>Tekerlek somunlar\u0131n\u0131n yeterince s\u0131k\u0131lmamas\u0131 sebebiyle y\u00fcz binlerce Honda Civic geri \u00e7a\u011fr\u0131ld\u0131.<\/p>\n\n\n\n<p>Japonya merkezli Honda, \u00fcretim kaynakl\u0131 bir hata nedeniyle y\u00fcz binlerce Civic model arac\u0131 geri \u00e7a\u011f\u0131rd\u0131. Aktar\u0131lanlara g\u00f6re hata, tekerlek somunlar\u0131n\u0131n yeterince s\u0131k\u0131lmamas\u0131ndan kaynaklan\u0131yor. Bu sebeple ara\u00e7lar, s\u00fcr\u00fc\u015f s\u0131ras\u0131nda tekerleklerinin gev\u015feyip ayr\u0131lmas\u0131 riskiyle kar\u015f\u0131 kar\u015f\u0131ya.<\/p>\n\n\n\n<p>Avrupa Komisyonu\u2019nda yer alan a\u00e7\u0131klamaya g\u00f6re, ala\u015f\u0131ml\u0131 \u00e7elikten \u00fcretilmi\u015f ancak preslenmi\u015f g\u00f6bek yap\u0131s\u0131na sahip olmayan tekerleklerde somunlar\u0131n s\u0131kma torkunun olmas\u0131 gerekenden d\u00fc\u015f\u00fck oldu\u011fu tespit edildi.<\/p>\n\n\n\n<p>Hata riskinin; Almanya, Fransa, Portekiz, \u0130sve\u00e7, Slovakya ve \u0130ngiltere\u2019deki Civic modellerinde bulundu\u011fu bildirildi.<\/p>\n\n\n\n<p>Sadece \u0130ngiltere\u2019de, 2017-2021 y\u0131llar\u0131 aras\u0131nda \u00fcretilmi\u015f toplam 46 bin 152 Honda Civic modelinin bu riskten etkilenebilece\u011fi tahmin ediliyor.<\/p>\n\n\n\n<p>26.02.2026 22:56<br>Karde\u015f Haber Kaynak: <a href=\"https:\/\/neoberidhaber.kahveciyazilim.com\/index.php\/2026\/02\/26\/civic-sahiplerine-kotu-haber-servis-yolu-gorundu\/\">Civic Sahiplerine K\u00f6t\u00fc Haber: Servis Yolu G\u00f6r\u00fcnd\u00fc \u2013 NeoBerid Haber<\/a><\/p>\n","protected":false},"excerpt":{"rendered":"<p>Tekerlek somunlar\u0131n\u0131n yeterince s\u0131k\u0131lmamas\u0131 sebebiyle y\u00fcz binlerce Honda Civic geri \u00e7a\u011fr\u0131ld\u0131. Japonya merkezli Honda, \u00fcretim kaynakl\u0131 bir hata nedeniyle y\u00fcz binlerce Civic model arac\u0131 geri \u00e7a\u011f\u0131rd\u0131. Aktar\u0131lanlara g\u00f6re hata, tekerlek somunlar\u0131n\u0131n yeterince s\u0131k\u0131lmamas\u0131ndan kaynaklan\u0131yor. Bu sebeple ara\u00e7lar, s\u00fcr\u00fc\u015f s\u0131ras\u0131nda tekerleklerinin gev\u015feyip ayr\u0131lmas\u0131 riskiyle kar\u015f\u0131 kar\u015f\u0131ya. Avrupa Komisyonu\u2019nda yer alan a\u00e7\u0131klamaya g\u00f6re, ala\u015f\u0131ml\u0131 \u00e7elikten \u00fcretilmi\u015f ancak&#8230;<\/p>\n","protected":false},"author":2,"featured_media":811,"comment_status":"open","ping_status":"open","sticky":false,"template":"","format":"standard","meta":{"_jetpack_memberships_contains_paid_content":false,"footnotes":""},"categories":[9],"tags":[331],"class_list":["post-810","post","type-post","status-publish","format-standard","has-post-thumbnail","hentry","category-otomobil","tag-honda-civic"],"jetpack_featured_media_url":"https:\/\/dbsnewsmedia.com\/wp-content\/uploads\/2026\/02\/Ekran-goruntusu-2026-02-26-222258.png","jetpack_sharing_enabled":true,"_links":{"self":[{"href":"https:\/\/dbsnewsmedia.com\/index.php?rest_route=\/wp\/v2\/posts\/810","targetHints":{"allow":["GET"]}}],"collection":[{"href":"https:\/\/dbsnewsmedia.com\/index.php?rest_route=\/wp\/v2\/posts"}],"about":[{"href":"https:\/\/dbsnewsmedia.com\/index.php?rest_route=\/wp\/v2\/types\/post"}],"author":[{"embeddable":true,"href":"https:\/\/dbsnewsmedia.com\/index.php?rest_route=\/wp\/v2\/users\/2"}],"replies":[{"embeddable":true,"href":"https:\/\/dbsnewsmedia.com\/index.php?rest_route=%2Fwp%2Fv2%2Fcomments&post=810"}],"version-history":[{"count":1,"href":"https:\/\/dbsnewsmedia.com\/index.php?rest_route=\/wp\/v2\/posts\/810\/revisions"}],"predecessor-version":[{"id":812,"href":"https:\/\/dbsnewsmedia.com\/index.php?rest_route=\/wp\/v2\/posts\/810\/revisions\/812"}],"wp:featuredmedia":[{"embeddable":true,"href":"https:\/\/dbsnewsmedia.com\/index.php?rest_route=\/wp\/v2\/media\/811"}],"wp:attachment":[{"href":"https:\/\/dbsnewsmedia.com\/index.php?rest_route=%2Fwp%2Fv2%2Fmedia&parent=810"}],"wp:term":[{"taxonomy":"category","embeddable":true,"href":"https:\/\/dbsnewsmedia.com\/index.php?rest_route=%2Fwp%2Fv2%2Fcategories&post=810"},{"taxonomy":"post_tag","embeddable":true,"href":"https:\/\/dbsnewsmedia.com\/index.php?rest_route=%2Fwp%2Fv2%2Ftags&post=810"}],"curies":[{"name":"wp","href":"https:\/\/api.w.org\/{rel}","templated":true}]}}