{"id":813,"date":"2026-02-27T12:44:59","date_gmt":"2026-02-27T09:44:59","guid":{"rendered":"http:\/\/www.dbsnewsmedia.com\/?p=813"},"modified":"2026-02-27T12:44:59","modified_gmt":"2026-02-27T09:44:59","slug":"tamtest-tarim-makinesi-performans-ve-uygunluk-testleri","status":"publish","type":"post","link":"https:\/\/dbsnewsmedia.com\/?p=813","title":{"rendered":"TAMTEST Tar\u0131m Makinesi Performans ve Uygunluk Testleri"},"content":{"rendered":"\n<p class=\"has-medium-font-size\"><strong>Tar\u0131m Alet ve Makine Test Merkezi 2025\u2019te 1166 Testle Tar\u0131ma G\u00fcvence Sa\u011flad\u0131<\/strong>.<\/p>\n\n\n\n<p>TARIM ve Orman Bakanl\u0131\u011f\u0131\u00a0<a href=\"https:\/\/www.sondakika.com\/tarim\/\">Tar\u0131m<\/a>\u00a0Reformu Genel M\u00fcd\u00fcrl\u00fc\u011f\u00fc&#8217;ne ba\u011fl\u0131 Tar\u0131m Alet ve Makine Test Merkezi&#8217;nde (TAMTEST),\u00a0<a href=\"https:\/\/www.sondakika.com\/turkiye\/\">T\u00fcrkiye<\/a>&#8216;de \u00fcretilen ya da ithal edilen her t\u00fcrl\u00fc trakt\u00f6r ve tar\u0131m makineleri bilimsel testlerden ge\u00e7iriliyor. Merkezde 2025 y\u0131l\u0131nda 1166 adet tar\u0131m makinesinin testi ger\u00e7ekle\u015ftirildi. Merkez m\u00fcd\u00fcr\u00fc Meltem Deniz Can, &#8220;Kredili sat\u0131\u015fa esas testleri de ger\u00e7ekle\u015ftiriyoruz. B\u00f6ylece \u00e7ift\u00e7iye sa\u011flanan krediler do\u011fru ve test edilmi\u015f ekipman i\u00e7in kullan\u0131l\u0131yor&#8221; dedi.<\/p>\n\n\n\n<p>Tar\u0131m Alet ve Makine Test Merkezi&#8217;nde, T\u00fcrkiye&#8217;de \u00fcretilen ya da ithal edilen her t\u00fcrl\u00fc trakt\u00f6r ve tar\u0131m makineleri bilimsel testlerden ge\u00e7iriliyor. T\u00fcrkiye&#8217;nin 81 iline hizmet sa\u011flayan merkezde uygunluk de\u011ferlendirme, deney ve belgelendirme faaliyetleri tarafs\u0131z, ba\u011f\u0131ms\u0131z ve kamu yarar\u0131 g\u00f6zetilerek ger\u00e7ekle\u015ftiriliyor. Ayr\u0131ca Sanayi ve\u00a0<a href=\"https:\/\/www.sondakika.com\/teknoloji\/\">Teknoloji<\/a>\u00a0Bakanl\u0131\u011f\u0131&#8217;na da teknik servis hizmeti sa\u011flan\u0131yor. Merkez, T\u00fcrk Akreditasyon Kurumu&#8217;nun kurulmas\u0131yla birlikte kamuda ilk akredite olan kurumlar aras\u0131nda yer al\u0131yor. Merkezde 2025 y\u0131l\u0131nda 1166 adet tar\u0131m makinesinin testi ger\u00e7ekle\u015ftirildi.,<\/p>\n\n\n\n<figure class=\"wp-block-image size-large is-resized\"><img loading=\"lazy\" decoding=\"async\" width=\"1024\" height=\"683\" src=\"http:\/\/www.dbsnewsmedia.com\/wp-content\/uploads\/2026\/02\/pexels-jk04-2933243-1024x683.jpg\" alt=\"\" class=\"wp-image-815\" style=\"width:609px;height:auto\" srcset=\"https:\/\/dbsnewsmedia.com\/wp-content\/uploads\/2026\/02\/pexels-jk04-2933243-1024x683.jpg 1024w, https:\/\/dbsnewsmedia.com\/wp-content\/uploads\/2026\/02\/pexels-jk04-2933243-300x200.jpg 300w, https:\/\/dbsnewsmedia.com\/wp-content\/uploads\/2026\/02\/pexels-jk04-2933243-768x512.jpg 768w, https:\/\/dbsnewsmedia.com\/wp-content\/uploads\/2026\/02\/pexels-jk04-2933243-1536x1024.jpg 1536w, https:\/\/dbsnewsmedia.com\/wp-content\/uploads\/2026\/02\/pexels-jk04-2933243-2048x1365.jpg 2048w, https:\/\/dbsnewsmedia.com\/wp-content\/uploads\/2026\/02\/pexels-jk04-2933243-600x400.jpg 600w\" sizes=\"auto, (max-width: 1024px) 100vw, 1024px\" \/><\/figure>\n\n\n\n<p style=\"font-size:25px\"><br><strong>Yerinde Deney Hizmeti Sunuyoruz<\/strong><\/p>\n\n\n\n<p>Merkez m\u00fcd\u00fcr\u00fc Meltem Deniz Can, 60 y\u0131l\u0131 a\u015fk\u0131n s\u00fcredir faaliyet g\u00f6steren bir kurum olduklar\u0131n\u0131 s\u00f6yleyerek, &#8220;T\u00fcrkiye&#8217;de \u00fcretilen ya da ithal edilen her t\u00fcrl\u00fc trakt\u00f6r ve tar\u0131m makineleri merkezimizde bilimsel testlerden ge\u00e7iriliyor. Edirne&#8217;den Kars&#8217;a kadar teknik ekiplerimiz yerinde deney hizmeti verebiliyor. 2025 y\u0131l\u0131 baz al\u0131nd\u0131\u011f\u0131nda 1166 test ger\u00e7ekle\u015ftirdik. Bu rakam, mevcut kapasitemizin yaln\u0131zca y\u00fczde 30&#8217;u. Asl\u0131nda 3 kat\u0131 hizmet verebilecek insan kayna\u011f\u0131na ve altyap\u0131ya sahibiz&#8221; dedi.<\/p>\n\n\n\n<p>Can, 3 temel alanda faaliyet y\u00fcr\u00fctt\u00fcklerini s\u00f6yleyerek, &#8220;TAMTEST OECD&#8217;nin T\u00fcrkiye&#8217;de atanm\u0131\u015f tek yetkili servisi. Trakt\u00f6r kodlar\u0131 testlerini \u00fclkemizde yapabilen ba\u015fka bir birim bulunmuyor. Birinci aya\u011f\u0131m\u0131z OECD trakt\u00f6r testleri. \u0130kincisi trakt\u00f6r d\u0131\u015f\u0131ndaki t\u00fcm tar\u0131msal mekanizasyon ara\u00e7lar\u0131n\u0131n testleri. S\u00fct sa\u011f\u0131m tesislerinden pulluk sistemlerine, g\u00fcne\u015f enerji sistemlerinden farkl\u0131 ekipmanlara kadar her t\u00fcrl\u00fc test yap\u0131labiliyor. \u00dc\u00e7\u00fcnc\u00fc alan\u0131m\u0131z ise 5996 say\u0131l\u0131 kanun kapsam\u0131nda zirai m\u00fccadele makineleri. Bu makinelerin testleri T\u00fcrkiye&#8217;de sadece merkezimiz taraf\u0131ndan yap\u0131l\u0131yor ve ruhsatland\u0131rma s\u00fcre\u00e7leri bizim raporlar\u0131m\u0131za dayan\u0131yor&#8221; diye konu\u015ftu.<\/p>\n\n\n\n<p style=\"font-size:25px\"><strong>Kritik Bir Sorumluluk Ta\u015f\u0131yoruz<\/strong><\/p>\n\n\n\n<p>Can, deney ve raporlama faaliyetlerini ulusal ve uluslararas\u0131 standartlara g\u00f6re y\u00fcr\u00fctt\u00fcklerini s\u00f6yleyerek, &#8220;Dolay\u0131s\u0131yla yapt\u0131\u011f\u0131m\u0131z her i\u015fin arkas\u0131nda bilimsel veriler ve k\u0131ymetli hizmetler bulunmakta. Kredili sat\u0131\u015fa esas testlerde ba\u015fvurular Tar\u0131m Reformu Genel M\u00fcd\u00fcrl\u00fc\u011f\u00fc \u00fczerinden yap\u0131l\u0131yor. Sevkin ard\u0131ndan firmalarla s\u00f6zle\u015fme imzal\u0131yoruz. Ekipman merkeze getirilebildi\u011fi gibi yerinde test de yap\u0131labiliyor. Sahada yap\u0131lan testlerin ard\u0131ndan veriler analiz edilerek rapor haz\u0131rlan\u0131yor. \u0130mzalar\u0131n tamamlanmas\u0131n\u0131n ard\u0131ndan rapor firmayla ve Ziraat Bankas\u0131 birimleriyle payla\u015f\u0131l\u0131yor. B\u00f6ylece \u00e7ift\u00e7iye sa\u011flanan krediler do\u011fru ve test edilmi\u015f ekipman i\u00e7in kullan\u0131l\u0131yor. Kamu kaynaklar\u0131n\u0131n do\u011fru ekipmanla \u00e7ift\u00e7iye ula\u015fmas\u0131nda anahtar rol \u00fcstleniyoruz&#8221; ifadelerini kulland\u0131.<\/p>\n\n\n\n<p>27.02.2026   12:44<\/p>\n\n\n\n<p>Kaynak:<a href=\"https:\/\/www.sondakika.com\/ekonomi\/haber-tamtest-te-tarim-makinesi-testleri-19606639\/\">https:\/\/www.sondakika.com\/ekonomi\/haber-tamtest-te-tarim-makinesi-testleri-19606639\/<\/a><\/p>\n\n\n\n<p><\/p>\n","protected":false},"excerpt":{"rendered":"<p>Tar\u0131m Alet ve Makine Test Merkezi 2025\u2019te 1166 Testle Tar\u0131ma G\u00fcvence Sa\u011flad\u0131. TARIM ve Orman Bakanl\u0131\u011f\u0131\u00a0Tar\u0131m\u00a0Reformu Genel M\u00fcd\u00fcrl\u00fc\u011f\u00fc&#8217;ne ba\u011fl\u0131 Tar\u0131m Alet ve Makine Test Merkezi&#8217;nde (TAMTEST),\u00a0T\u00fcrkiye&#8216;de \u00fcretilen ya da ithal edilen her t\u00fcrl\u00fc trakt\u00f6r ve tar\u0131m makineleri bilimsel testlerden ge\u00e7iriliyor. Merkezde 2025 y\u0131l\u0131nda 1166 adet tar\u0131m makinesinin testi ger\u00e7ekle\u015ftirildi. Merkez m\u00fcd\u00fcr\u00fc Meltem Deniz Can, &#8220;Kredili&#8230;<\/p>\n","protected":false},"author":4,"featured_media":814,"comment_status":"open","ping_status":"open","sticky":false,"template":"","format":"standard","meta":{"_jetpack_memberships_contains_paid_content":false,"footnotes":""},"categories":[7],"tags":[333,334,332],"class_list":["post-813","post","type-post","status-publish","format-standard","has-post-thumbnail","hentry","category-teknoloji","tag-makine","tag-tamtes","tag-tarim"],"jetpack_featured_media_url":"https:\/\/dbsnewsmedia.com\/wp-content\/uploads\/2026\/02\/tarim-aletlerinin-test-laboratuvari-10-19606597_amp.webp","jetpack_sharing_enabled":true,"_links":{"self":[{"href":"https:\/\/dbsnewsmedia.com\/index.php?rest_route=\/wp\/v2\/posts\/813","targetHints":{"allow":["GET"]}}],"collection":[{"href":"https:\/\/dbsnewsmedia.com\/index.php?rest_route=\/wp\/v2\/posts"}],"about":[{"href":"https:\/\/dbsnewsmedia.com\/index.php?rest_route=\/wp\/v2\/types\/post"}],"author":[{"embeddable":true,"href":"https:\/\/dbsnewsmedia.com\/index.php?rest_route=\/wp\/v2\/users\/4"}],"replies":[{"embeddable":true,"href":"https:\/\/dbsnewsmedia.com\/index.php?rest_route=%2Fwp%2Fv2%2Fcomments&post=813"}],"version-history":[{"count":1,"href":"https:\/\/dbsnewsmedia.com\/index.php?rest_route=\/wp\/v2\/posts\/813\/revisions"}],"predecessor-version":[{"id":816,"href":"https:\/\/dbsnewsmedia.com\/index.php?rest_route=\/wp\/v2\/posts\/813\/revisions\/816"}],"wp:featuredmedia":[{"embeddable":true,"href":"https:\/\/dbsnewsmedia.com\/index.php?rest_route=\/wp\/v2\/media\/814"}],"wp:attachment":[{"href":"https:\/\/dbsnewsmedia.com\/index.php?rest_route=%2Fwp%2Fv2%2Fmedia&parent=813"}],"wp:term":[{"taxonomy":"category","embeddable":true,"href":"https:\/\/dbsnewsmedia.com\/index.php?rest_route=%2Fwp%2Fv2%2Fcategories&post=813"},{"taxonomy":"post_tag","embeddable":true,"href":"https:\/\/dbsnewsmedia.com\/index.php?rest_route=%2Fwp%2Fv2%2Ftags&post=813"}],"curies":[{"name":"wp","href":"https:\/\/api.w.org\/{rel}","templated":true}]}}